{"id":280574,"date":"2025-06-10T10:33:26","date_gmt":"2025-06-10T14:33:26","guid":{"rendered":"https:\/\/elluchador.info\/?p=280574"},"modified":"2025-06-10T10:33:30","modified_gmt":"2025-06-10T14:33:30","slug":"al-menos-10-muertos-en-ataque-a-escuela-en-austria","status":"publish","type":"post","link":"https:\/\/elluchador.info\/?p=280574","title":{"rendered":"Al menos 10 muertos en ataque a escuela en Austria"},"content":{"rendered":"\n<p>Al menos 10 personas fueron asesinadas y decenas heridas este martes en un tiroteo en el instituto BORG en Dreiersch\u00fctzengasseen la ciudad de Graz, al sur de Austria.<\/p>\n\n\n\n<p>La alcaldesa, Elke Kahr calific\u00f3 estos hechos como una \u201cterrible tragedia\u201d adem\u00e1s, inform\u00f3 que el autor fue un hombre joven, ex-alumno de 22 a\u00f1os y que luego del tiroteo se quit\u00f3 la vida, su cuerpo fue encontrado en uno de los ba\u00f1os del edificio. Tambi\u00e9n a\u00f1adi\u00f3 que las v\u00edctimas mortales fueron ocho estudiantes y un adulto.<\/p>\n\n\n\n<p>Algunos medios se\u00f1alan que hay al menos 28 heridos, cuatro de ellos en estado cr\u00edtico.<\/p>\n\n\n\n<p>La polic\u00eda emiti\u00f3 un comunicado oficial: \u00abSeg\u00fan las primeras observaciones, se escucharon disparos en una escuela. Se recomienda a la poblaci\u00f3n evitar esta zona y seguir las instrucciones de las fuerzas de seguridad presentes en el lugar\u00bb.<\/p>\n\n\n\n<p>En principio, se asume la tesis de que el atacante actu\u00f3 solo.<\/p>\n\n\n\n<p><strong>El agresor ser\u00eda un exalumno de la escuela<\/strong><\/p>\n\n\n\n<p>Seg\u00fan el diario Kronen Zeitung, el supuesto agresor era estudiante del centro y hab\u00eda sido v\u00edctima de acoso escolar, mientras que el peri\u00f3dico Salzburger Nachrichten afirma que se trata de un exalumno de 22 a\u00f1os. Ese medio se\u00f1ala que acudi\u00f3 a dos aulas, una de ellas en la que estaban sus antiguos compa\u00f1eros, con una pistola y una escopeta que pose\u00eda legalmente.<\/p>\n\n\n\n<p>Esa fuente se\u00f1ala que el atacante dispar\u00f3 en dos aulas. Diferentes medios hab\u00edan se\u00f1alado que un cad\u00e1ver localizado en los aseos podr\u00eda haber sido el del agresor, que se habr\u00eda suicidado.<\/p>\n\n\n\n<p>El ataque comenz\u00f3 sobre las 10.00 de la ma\u00f1ana en un centro adonde acuden alumnos a partir de los 14 a\u00f1os.<\/p>\n\n\n\n<p>La Polic\u00eda indic\u00f3 en un primer momento que se estaba llevando a cabo un operativo en la calle Dreierschuetzengasse, donde se encuentra dicha escuela secundaria, y se\u00f1al\u00f3 que adem\u00e1s hab\u00eda varias personas heridas, entre ellas, alumnos y maestros.<\/p>\n\n\n\n<p>Un portavoz de la Polic\u00eda de Graz inform\u00f3 que el centro escolar ha sido evacuado y que se estaba registrando el edificio para descartar otros riesgos para la seguridad.<\/p>\n\n\n\n<p>Los alumnos y profesores han sido trasladados a otra ubicaci\u00f3n y se ha establecido un punto de reuni\u00f3n e informaci\u00f3n para los padres y madres de los estudiantes en el estadio AKS\u00d6.<\/p>\n\n\n\n<p>La zona alrededor del centro escolar est\u00e1 acordonada y vigilada por polic\u00edas fuertemente armados, y se ha desviado el tr\u00e1fico.<\/p>\n\n\n\n<p>Dentro de diez d\u00edas se cumplen el d\u00e9cimo aniversario de un tiroteo en Graz en el que murieron tres personas.<\/p>\n\n\n\n<p><strong>La UE expresa \u00abconmoci\u00f3n\u00bb por el tiroteo en Austria y traslada condolencias a las v\u00edctimas<\/strong><\/p>\n\n\n\n<p>La Uni\u00f3n Europea (UE) expres\u00f3 este martes su \u00abconmoci\u00f3n\u00bb por el tiroteo en una escuela secundaria de la ciudad austr\u00edaca de Graz que caus\u00f3 al menos diez muertos, y traslad\u00f3 sus condolencias y apoyo a las v\u00edctimas y sus familias.<\/p>\n\n\n\n<p>\u00abLas noticias de Graz nos llegan al coraz\u00f3n. Doy mis condolencias a las v\u00edctimas, sus familias y amigos. Las escuelas son s\u00edmbolos de juventud, esperanza y futuro. Es dif\u00edcil soportar que las escuelas se conviertan en lugares de muerte y violencia\u00bb, dijo la presidenta de la Comisi\u00f3n Europea, Ursula von der Leyen, a trav\u00e9s de las redes sociales.<\/p>\n\n\n\n<p>La m\u00e1xima responsable del Ejecutivo comunitario dio adem\u00e1s las gracias a \u00ablos servicios de emergencia y a quienes brindan ayuda en estos momentos dif\u00edciles\u00bb.<\/p>\n\n\n\n<p>Por su parte, la jefa de la diplomacia europea, Kaja Kallas, se declar\u00f3 en las redes sociales \u00abprofundamente conmocionadas por las noticias de un tiroteo en una escuela de Austria\u00bb y dijo que \u00abtodo ni\u00f1o deber\u00eda sentirse seguro en la escuela y poder aprender lejos del miedo y la violencia\u00bb.<\/p>\n\n\n\n<p>Con informaci\u00f3n <strong><mark style=\"background-color:rgba(0, 0, 0, 0)\" class=\"has-inline-color has-luminous-vivid-orange-color\">Agencias.-<\/mark><\/strong><\/p>\n","protected":false},"excerpt":{"rendered":"<p>Al menos 10 personas fueron asesinadas y decenas heridas este martes en un tiroteo en el instituto BORG en Dreiersch\u00fctzengasseen la ciudad de Graz, al sur de Austria. La alcaldesa, Elke Kahr calific\u00f3 estos hechos como una \u201cterrible tragedia\u201d adem\u00e1s, inform\u00f3 que el autor fue un hombre joven, ex-alumno de 22 a\u00f1os y que luego [&hellip;]<\/p>\n","protected":false},"author":33,"featured_media":280575,"comment_status":"closed","ping_status":"closed","sticky":false,"template":"","format":"standard","meta":{"footnotes":""},"categories":[8],"tags":[477,4366],"class_list":{"0":"post-280574","1":"post","2":"type-post","3":"status-publish","4":"format-standard","5":"has-post-thumbnail","7":"category-internacionales","8":"tag-ataque","9":"tag-austria"},"_links":{"self":[{"href":"https:\/\/elluchador.info\/index.php?rest_route=\/wp\/v2\/posts\/280574","targetHints":{"allow":["GET"]}}],"collection":[{"href":"https:\/\/elluchador.info\/index.php?rest_route=\/wp\/v2\/posts"}],"about":[{"href":"https:\/\/elluchador.info\/index.php?rest_route=\/wp\/v2\/types\/post"}],"author":[{"embeddable":true,"href":"https:\/\/elluchador.info\/index.php?rest_route=\/wp\/v2\/users\/33"}],"replies":[{"embeddable":true,"href":"https:\/\/elluchador.info\/index.php?rest_route=%2Fwp%2Fv2%2Fcomments&post=280574"}],"version-history":[{"count":1,"href":"https:\/\/elluchador.info\/index.php?rest_route=\/wp\/v2\/posts\/280574\/revisions"}],"predecessor-version":[{"id":280576,"href":"https:\/\/elluchador.info\/index.php?rest_route=\/wp\/v2\/posts\/280574\/revisions\/280576"}],"wp:featuredmedia":[{"embeddable":true,"href":"https:\/\/elluchador.info\/index.php?rest_route=\/wp\/v2\/media\/280575"}],"wp:attachment":[{"href":"https:\/\/elluchador.info\/index.php?rest_route=%2Fwp%2Fv2%2Fmedia&parent=280574"}],"wp:term":[{"taxonomy":"category","embeddable":true,"href":"https:\/\/elluchador.info\/index.php?rest_route=%2Fwp%2Fv2%2Fcategories&post=280574"},{"taxonomy":"post_tag","embeddable":true,"href":"https:\/\/elluchador.info\/index.php?rest_route=%2Fwp%2Fv2%2Ftags&post=280574"}],"curies":[{"name":"wp","href":"https:\/\/api.w.org\/{rel}","templated":true}]}}