{"id":280600,"date":"2025-06-10T12:32:44","date_gmt":"2025-06-10T16:32:44","guid":{"rendered":"https:\/\/elluchador.info\/?p=280600"},"modified":"2025-06-10T12:32:47","modified_gmt":"2025-06-10T16:32:47","slug":"ecuador-incrementa-presencia-militar-en-frontera-con-colombia","status":"publish","type":"post","link":"https:\/\/elluchador.info\/?p=280600","title":{"rendered":"Ecuador incrementa presencia militar en frontera con Colombia"},"content":{"rendered":"\n<p>Las autoridades de Ecuador anunciaron el increment\u00f3 de la presencia militar en la regi\u00f3n amaz\u00f3nica del pa\u00eds en un 30%, espec\u00edficamente en la frontera con Colombia, en respuesta a los recientes eventos acontecidos en esa zona, incluida la muerte de 11 militares en un enfrentamiento con un grupo delictivo organizado.<\/p>\n\n\n\n<p>\u00abComo parte de estas acciones preventivas y de control, se ha aumentado significativamente la presencia militar en un 30 por ciento con personal operativo y de inteligencia\u00bb, se\u00f1al\u00f3 el Ministerio de Defensa Nacional en un anuncio difundido en su cuenta de la red social X. De acuerdo con su declaraci\u00f3n, despu\u00e9s de la violenta situaci\u00f3n ocurrida el 10 de mayo pasado, se intensific\u00f3 la movilizaci\u00f3n de unidades a\u00e9reas como los helic\u00f3pteros Super Puma, H225, Fennec y H145, as\u00ed como los aviones S\u00faper Tucano.<\/p>\n\n\n\n<p>Adem\u00e1s, se implement\u00f3 tecnolog\u00eda de supervisi\u00f3n especializada, que incluye c\u00e1maras de vigilancia t\u00e1ctica y de recolecci\u00f3n de datos, veh\u00edculos multifuncionales David y drones. De acuerdo con Defensa, se tom\u00f3 esta resoluci\u00f3n para prevenir la aparici\u00f3n e ingreso de grupos armados irregulares en el territorio ecuatoriano.<\/p>\n\n\n\n<p>Con informaci\u00f3n <strong><em><mark style=\"background-color:rgba(0, 0, 0, 0)\" class=\"has-inline-color has-luminous-vivid-amber-color\">Agencias.-<\/mark><\/em><\/strong><\/p>\n","protected":false},"excerpt":{"rendered":"<p>Las autoridades de Ecuador anunciaron el increment\u00f3 de la presencia militar en la regi\u00f3n amaz\u00f3nica del pa\u00eds en un 30%, espec\u00edficamente en la frontera con Colombia, en respuesta a los recientes eventos acontecidos en esa zona, incluida la muerte de 11 militares en un enfrentamiento con un grupo delictivo organizado. \u00abComo parte de estas acciones [&hellip;]<\/p>\n","protected":false},"author":33,"featured_media":280601,"comment_status":"closed","ping_status":"closed","sticky":false,"template":"","format":"standard","meta":{"footnotes":""},"categories":[8],"tags":[397,528],"class_list":{"0":"post-280600","1":"post","2":"type-post","3":"status-publish","4":"format-standard","5":"has-post-thumbnail","7":"category-internacionales","8":"tag-colombia","9":"tag-militar"},"_links":{"self":[{"href":"https:\/\/elluchador.info\/index.php?rest_route=\/wp\/v2\/posts\/280600","targetHints":{"allow":["GET"]}}],"collection":[{"href":"https:\/\/elluchador.info\/index.php?rest_route=\/wp\/v2\/posts"}],"about":[{"href":"https:\/\/elluchador.info\/index.php?rest_route=\/wp\/v2\/types\/post"}],"author":[{"embeddable":true,"href":"https:\/\/elluchador.info\/index.php?rest_route=\/wp\/v2\/users\/33"}],"replies":[{"embeddable":true,"href":"https:\/\/elluchador.info\/index.php?rest_route=%2Fwp%2Fv2%2Fcomments&post=280600"}],"version-history":[{"count":1,"href":"https:\/\/elluchador.info\/index.php?rest_route=\/wp\/v2\/posts\/280600\/revisions"}],"predecessor-version":[{"id":280602,"href":"https:\/\/elluchador.info\/index.php?rest_route=\/wp\/v2\/posts\/280600\/revisions\/280602"}],"wp:featuredmedia":[{"embeddable":true,"href":"https:\/\/elluchador.info\/index.php?rest_route=\/wp\/v2\/media\/280601"}],"wp:attachment":[{"href":"https:\/\/elluchador.info\/index.php?rest_route=%2Fwp%2Fv2%2Fmedia&parent=280600"}],"wp:term":[{"taxonomy":"category","embeddable":true,"href":"https:\/\/elluchador.info\/index.php?rest_route=%2Fwp%2Fv2%2Fcategories&post=280600"},{"taxonomy":"post_tag","embeddable":true,"href":"https:\/\/elluchador.info\/index.php?rest_route=%2Fwp%2Fv2%2Ftags&post=280600"}],"curies":[{"name":"wp","href":"https:\/\/api.w.org\/{rel}","templated":true}]}}