{"id":280775,"date":"2025-06-11T17:43:24","date_gmt":"2025-06-11T21:43:24","guid":{"rendered":"https:\/\/elluchador.info\/?p=280775"},"modified":"2025-06-11T17:43:27","modified_gmt":"2025-06-11T21:43:27","slug":"sospechoso-de-disparar-a-uribe-turbay-se-declara-inocente","status":"publish","type":"post","link":"https:\/\/elluchador.info\/?p=280775","title":{"rendered":"Sospechoso de disparar a Uribe Turbay se declara inocente"},"content":{"rendered":"\n<p>El adolescente de 15 a\u00f1os sospechoso de balear al aspirante presidencial, Miguel Uribe Turbay, en Colombia, se declar\u00f3 este martes inocente del delito de homicidio en grado de tentativa del que se lo acusa, inform\u00f3 a la AFP una fuente de la Fiscal\u00eda, rese\u00f1\u00f3 DW.<\/p>\n\n\n\n<p>Tambi\u00e9n imputado por porte y fabricaci\u00f3n de armas, el joven fue capturado el s\u00e1bado luego de presuntamente herir con tres disparos al senador de derecha Uribe Turbay durante una reuni\u00f3n con decenas de personas en un parque de Bogot\u00e1.<\/p>\n\n\n\n<p>El dirigente del partido Centro Democr\u00e1tico, opositor al gobierno del izquierdista Gustavo Petro, est\u00e1 en cuidados intensivos y su condici\u00f3n es estable, pero cr\u00edtica, seg\u00fan el m\u00e1s reciente parte m\u00e9dico.<\/p>\n\n\n\n<p>Frente a la cl\u00ednica, la esposa del senador, Mar\u00eda Claudia Tarazona, dijo a periodistas que su marido \u00absigue luchando por su vida\u00bb. A\u00fan se desconocen las razones y los autores intelectuales del atentado. El presunto pistolero intent\u00f3 huir, pero los escoltas de Uribe le dispararon en una pierna y lo detuvieron.<\/p>\n\n\n\n<p>En un video de ese momento dice estar dispuesto a colaborar con las autoridades. Pas\u00f3 por el quir\u00f3fano y sigue hospitalizado bajo fuerte custodia, indic\u00f3 la Fiscal\u00eda.<\/p>\n\n\n\n<p>Un juez \u00able impuso al adolescente medida de internamiento preventivo\u00bb en un \u00abcentro especializado\u00bb para menores, seg\u00fan el ente investigador.<\/p>\n\n\n\n<p>Una fuente de la entidad asegur\u00f3 que ser\u00e1 trasladado en la tarde del martes a un b\u00fanker de la Fiscal\u00eda en Bogot\u00e1, mientras se decide el lugar al que ir\u00e1, en el que \u00abno corra peligro\u00bb. Si es hallado culpable, puede pasar ocho a\u00f1os privado de la libertad, aunque no en una c\u00e1rcel com\u00fan, debido a que es menor de edad, se\u00f1al\u00f3 la fiscal general, Luz Adriana Camargo.<\/p>\n\n\n\n<p>El ministro de Defensa, Pedro S\u00e1nchez, asegur\u00f3 que el adolescente recibi\u00f3 dinero a cambio de disparar a Uribe, pero no precis\u00f3 el monto. La directora del organismo estatal de protecci\u00f3n de menores (IBCF), Astrid C\u00e1ceres, inform\u00f3 que el adolescente vive con una t\u00eda, pues el padre est\u00e1 fuera del pa\u00eds. La madre muri\u00f3, seg\u00fan medios locales.<\/p>\n\n\n\n<p>Con informaci\u00f3n <strong><em><mark style=\"background-color:rgba(0, 0, 0, 0)\" class=\"has-inline-color has-luminous-vivid-orange-color\">Agencias.-<\/mark><\/em><\/strong><\/p>\n","protected":false},"excerpt":{"rendered":"<p>El adolescente de 15 a\u00f1os sospechoso de balear al aspirante presidencial, Miguel Uribe Turbay, en Colombia, se declar\u00f3 este martes inocente del delito de homicidio en grado de tentativa del que se lo acusa, inform\u00f3 a la AFP una fuente de la Fiscal\u00eda, rese\u00f1\u00f3 DW. Tambi\u00e9n imputado por porte y fabricaci\u00f3n de armas, el joven [&hellip;]<\/p>\n","protected":false},"author":33,"featured_media":280776,"comment_status":"closed","ping_status":"closed","sticky":false,"template":"","format":"standard","meta":{"footnotes":""},"categories":[8],"tags":[3611,4359],"class_list":{"0":"post-280775","1":"post","2":"type-post","3":"status-publish","4":"format-standard","5":"has-post-thumbnail","7":"category-internacionales","8":"tag-adolescente","9":"tag-uribe"},"_links":{"self":[{"href":"https:\/\/elluchador.info\/index.php?rest_route=\/wp\/v2\/posts\/280775","targetHints":{"allow":["GET"]}}],"collection":[{"href":"https:\/\/elluchador.info\/index.php?rest_route=\/wp\/v2\/posts"}],"about":[{"href":"https:\/\/elluchador.info\/index.php?rest_route=\/wp\/v2\/types\/post"}],"author":[{"embeddable":true,"href":"https:\/\/elluchador.info\/index.php?rest_route=\/wp\/v2\/users\/33"}],"replies":[{"embeddable":true,"href":"https:\/\/elluchador.info\/index.php?rest_route=%2Fwp%2Fv2%2Fcomments&post=280775"}],"version-history":[{"count":1,"href":"https:\/\/elluchador.info\/index.php?rest_route=\/wp\/v2\/posts\/280775\/revisions"}],"predecessor-version":[{"id":280777,"href":"https:\/\/elluchador.info\/index.php?rest_route=\/wp\/v2\/posts\/280775\/revisions\/280777"}],"wp:featuredmedia":[{"embeddable":true,"href":"https:\/\/elluchador.info\/index.php?rest_route=\/wp\/v2\/media\/280776"}],"wp:attachment":[{"href":"https:\/\/elluchador.info\/index.php?rest_route=%2Fwp%2Fv2%2Fmedia&parent=280775"}],"wp:term":[{"taxonomy":"category","embeddable":true,"href":"https:\/\/elluchador.info\/index.php?rest_route=%2Fwp%2Fv2%2Fcategories&post=280775"},{"taxonomy":"post_tag","embeddable":true,"href":"https:\/\/elluchador.info\/index.php?rest_route=%2Fwp%2Fv2%2Ftags&post=280775"}],"curies":[{"name":"wp","href":"https:\/\/api.w.org\/{rel}","templated":true}]}}