{"id":281993,"date":"2025-06-23T16:51:56","date_gmt":"2025-06-23T20:51:56","guid":{"rendered":"https:\/\/elluchador.info\/?p=281993"},"modified":"2025-06-23T16:52:27","modified_gmt":"2025-06-23T20:52:27","slug":"villa-bahia-celebro-junto-a-yanny-alonzo-el-cierre-del-proyecto-de-casas-de-alimentacion","status":"publish","type":"post","link":"https:\/\/elluchador.info\/?p=281993","title":{"rendered":"Villa Bah\u00eda celebr\u00f3 junto a Yanny Alonzo el cierre del proyecto de Casas de Alimentaci\u00f3n"},"content":{"rendered":"\n<p>Una gran fiesta popular realizaron las comunidades en el sector Santa Rosa de Villa Bah\u00eda junto al candidato a la Alcald\u00eda Bolivariana de Caron\u00ed, Yanny Alonzo, en celebraci\u00f3n del proyecto de \u00abMejoras y Equipamiento de Casas Comunales\u00bb del Circuito Comunal Agrotur\u00edstica Nuestra Independencia.<\/p>\n\n\n\n<p>Habitantes de cinco consejos comunales, con el candidato del Gran Polo Patri\u00f3tico Sim\u00f3n Bol\u00edvar, diputados y autoridades de Fundaproal, dejaron reinauguradas las Casas de Alimentaci\u00f3n \u00abElba Rodr\u00edguez\u00bb y \u00abTopocho Abreu\u00bb, actividad que coincidi\u00f3 con el vig\u00e9simo segundo Aniversario de las Casas de Alimentaci\u00f3n.<\/p>\n\n\n\n<figure class=\"wp-block-gallery has-nested-images columns-default is-cropped wp-block-gallery-1 is-layout-flex wp-block-gallery-is-layout-flex\">\n<figure class=\"wp-block-image size-large\"><img loading=\"lazy\" decoding=\"async\" width=\"1024\" height=\"684\" data-id=\"281994\" src=\"https:\/\/elluchador.info\/wp-content\/uploads\/2025\/06\/1000680928-1024x684.jpg\" alt=\"\" class=\"wp-image-281994\" srcset=\"https:\/\/elluchador.info\/wp-content\/uploads\/2025\/06\/1000680928-1024x684.jpg 1024w, https:\/\/elluchador.info\/wp-content\/uploads\/2025\/06\/1000680928-300x200.jpg 300w, https:\/\/elluchador.info\/wp-content\/uploads\/2025\/06\/1000680928-768x513.jpg 768w, https:\/\/elluchador.info\/wp-content\/uploads\/2025\/06\/1000680928-1536x1026.jpg 1536w, https:\/\/elluchador.info\/wp-content\/uploads\/2025\/06\/1000680928-2048x1368.jpg 2048w, https:\/\/elluchador.info\/wp-content\/uploads\/2025\/06\/1000680928-150x100.jpg 150w, https:\/\/elluchador.info\/wp-content\/uploads\/2025\/06\/1000680928-696x465.jpg 696w, https:\/\/elluchador.info\/wp-content\/uploads\/2025\/06\/1000680928-1068x713.jpg 1068w, https:\/\/elluchador.info\/wp-content\/uploads\/2025\/06\/1000680928-1920x1283.jpg 1920w\" sizes=\"auto, (max-width: 1024px) 100vw, 1024px\" \/><figcaption class=\"wp-element-caption\">Yanny Alonzo celebr\u00f3 el progreso de estas casas de alimentaci\u00f3n, como miembro fundador de este proyecto de la revoluci\u00f3n<\/figcaption><\/figure>\n\n\n\n<figure class=\"wp-block-image size-large\"><img loading=\"lazy\" decoding=\"async\" width=\"1024\" height=\"684\" data-id=\"281995\" src=\"https:\/\/elluchador.info\/wp-content\/uploads\/2025\/06\/1000680929-1024x684.jpg\" alt=\"\" class=\"wp-image-281995\" srcset=\"https:\/\/elluchador.info\/wp-content\/uploads\/2025\/06\/1000680929-1024x684.jpg 1024w, https:\/\/elluchador.info\/wp-content\/uploads\/2025\/06\/1000680929-300x200.jpg 300w, https:\/\/elluchador.info\/wp-content\/uploads\/2025\/06\/1000680929-768x513.jpg 768w, https:\/\/elluchador.info\/wp-content\/uploads\/2025\/06\/1000680929-1536x1026.jpg 1536w, https:\/\/elluchador.info\/wp-content\/uploads\/2025\/06\/1000680929-2048x1368.jpg 2048w, https:\/\/elluchador.info\/wp-content\/uploads\/2025\/06\/1000680929-150x100.jpg 150w, https:\/\/elluchador.info\/wp-content\/uploads\/2025\/06\/1000680929-696x465.jpg 696w, https:\/\/elluchador.info\/wp-content\/uploads\/2025\/06\/1000680929-1068x713.jpg 1068w, https:\/\/elluchador.info\/wp-content\/uploads\/2025\/06\/1000680929-1920x1283.jpg 1920w\" sizes=\"auto, (max-width: 1024px) 100vw, 1024px\" \/><figcaption class=\"wp-element-caption\">Cinco consejos comunales son favorecidos con el proyecto comunal<\/figcaption><\/figure>\n<\/figure>\n\n\n\n<p>\u00abVamos a darle apertura a esta bonita casa, que lo que va a generar es m\u00e1s amor, m\u00e1s esperanza, m\u00e1s compromiso en el territorio. Hace 22 a\u00f1os en mi casa se inici\u00f3 una casa de alimentaci\u00f3n, por eso me siento parte de esto, vengo de all\u00ed, mi madre era una cocinera y yo la ayudaba\u00bb, relat\u00f3 Yanny Alonzo a los presentes.<\/p>\n\n\n\n<p>El proyecto de restauraci\u00f3n de casas de alimentaci\u00f3n fue el segundo votado el 2 de febrero en Consulta Popular, financiado por la Alcald\u00eda Bolivariana de Caron\u00ed y culminado este lunes con la rendici\u00f3n de cuentas a sus habitantes y autoridades, una vez hecho el finiquito ante el Instituto Municipal del Poder Popular.<\/p>\n\n\n\n<figure class=\"wp-block-gallery has-nested-images columns-default is-cropped wp-block-gallery-2 is-layout-flex wp-block-gallery-is-layout-flex\">\n<figure class=\"wp-block-image size-large\"><img loading=\"lazy\" decoding=\"async\" width=\"1024\" height=\"768\" data-id=\"281996\" src=\"https:\/\/elluchador.info\/wp-content\/uploads\/2025\/06\/1000680757-1024x768.jpg\" alt=\"\" class=\"wp-image-281996\" srcset=\"https:\/\/elluchador.info\/wp-content\/uploads\/2025\/06\/1000680757-1024x768.jpg 1024w, https:\/\/elluchador.info\/wp-content\/uploads\/2025\/06\/1000680757-300x225.jpg 300w, https:\/\/elluchador.info\/wp-content\/uploads\/2025\/06\/1000680757-768x576.jpg 768w, https:\/\/elluchador.info\/wp-content\/uploads\/2025\/06\/1000680757-150x113.jpg 150w, https:\/\/elluchador.info\/wp-content\/uploads\/2025\/06\/1000680757-696x522.jpg 696w, https:\/\/elluchador.info\/wp-content\/uploads\/2025\/06\/1000680757-1068x801.jpg 1068w, https:\/\/elluchador.info\/wp-content\/uploads\/2025\/06\/1000680757.jpg 1280w\" sizes=\"auto, (max-width: 1024px) 100vw, 1024px\" \/><figcaption class=\"wp-element-caption\">Con alegr\u00eda y satisfacci\u00f3n se expresaron los voceros en representaci\u00f3n de sus comunidades<\/figcaption><\/figure>\n\n\n\n<figure class=\"wp-block-image size-large\"><img loading=\"lazy\" decoding=\"async\" width=\"1024\" height=\"684\" data-id=\"281997\" src=\"https:\/\/elluchador.info\/wp-content\/uploads\/2025\/06\/1000680930-1024x684.jpg\" alt=\"\" class=\"wp-image-281997\" srcset=\"https:\/\/elluchador.info\/wp-content\/uploads\/2025\/06\/1000680930-1024x684.jpg 1024w, https:\/\/elluchador.info\/wp-content\/uploads\/2025\/06\/1000680930-300x200.jpg 300w, https:\/\/elluchador.info\/wp-content\/uploads\/2025\/06\/1000680930-768x513.jpg 768w, https:\/\/elluchador.info\/wp-content\/uploads\/2025\/06\/1000680930-1536x1026.jpg 1536w, https:\/\/elluchador.info\/wp-content\/uploads\/2025\/06\/1000680930-2048x1368.jpg 2048w, https:\/\/elluchador.info\/wp-content\/uploads\/2025\/06\/1000680930-150x100.jpg 150w, https:\/\/elluchador.info\/wp-content\/uploads\/2025\/06\/1000680930-696x465.jpg 696w, https:\/\/elluchador.info\/wp-content\/uploads\/2025\/06\/1000680930-1068x713.jpg 1068w, https:\/\/elluchador.info\/wp-content\/uploads\/2025\/06\/1000680930-1920x1283.jpg 1920w\" sizes=\"auto, (max-width: 1024px) 100vw, 1024px\" \/><figcaption class=\"wp-element-caption\">Dos casa de alimentaci\u00f3n fueron restauradas y equipadas<\/figcaption><\/figure>\n<\/figure>\n\n\n\n<p>El Consejo Comunal ejecutor \u00abValles del Caron\u00ed\u00bb logr\u00f3 la restauraci\u00f3n integral de dos casas de alimentaci\u00f3n, incluyendo construcci\u00f3n de \u00e1reas de cocina con su debido equipamiento, as\u00ed como mejoras estructurales de piso y techado.<\/p>\n\n\n\n<p>\u00abEl Chino Alonzo\u00bb, qui\u00e9n adem\u00e1s viene de cumplir funciones en Mercal, reafirm\u00f3 su compromiso con los habitantes de Villa Bah\u00eda, para dar continuidad a estos planes comunales con el apoyo del presidente Nicol\u00e1s Maduro y la gobernadora Yulisbeth \u00abla Tata\u00bb Garc\u00eda, asegurando que \u00ablo que viene ser\u00e1 mejor\u00bb.<\/p>\n\n\n\n<p>\u00abNo los voy a defraudar, vine hasta aqu\u00ed para ponerme al servicio de ustedes, para seguir construyendo una patria grande, un municipio hermoso\u00bb, expres\u00f3.<\/p>\n\n\n<div class=\"wp-block-image\">\n<figure class=\"aligncenter size-large is-resized\"><img loading=\"lazy\" decoding=\"async\" width=\"1024\" height=\"684\" src=\"https:\/\/elluchador.info\/wp-content\/uploads\/2025\/06\/1000680825-1024x684.jpg\" alt=\"\" class=\"wp-image-281998\" style=\"width:660px;height:auto\" srcset=\"https:\/\/elluchador.info\/wp-content\/uploads\/2025\/06\/1000680825-1024x684.jpg 1024w, https:\/\/elluchador.info\/wp-content\/uploads\/2025\/06\/1000680825-300x200.jpg 300w, https:\/\/elluchador.info\/wp-content\/uploads\/2025\/06\/1000680825-768x513.jpg 768w, https:\/\/elluchador.info\/wp-content\/uploads\/2025\/06\/1000680825-1536x1026.jpg 1536w, https:\/\/elluchador.info\/wp-content\/uploads\/2025\/06\/1000680825-2048x1368.jpg 2048w, https:\/\/elluchador.info\/wp-content\/uploads\/2025\/06\/1000680825-150x100.jpg 150w, https:\/\/elluchador.info\/wp-content\/uploads\/2025\/06\/1000680825-696x465.jpg 696w, https:\/\/elluchador.info\/wp-content\/uploads\/2025\/06\/1000680825-1068x713.jpg 1068w, https:\/\/elluchador.info\/wp-content\/uploads\/2025\/06\/1000680825-1920x1283.jpg 1920w\" sizes=\"auto, (max-width: 1024px) 100vw, 1024px\" \/><figcaption class=\"wp-element-caption\">\u00abEl Chino Alonzo\u00bb se comprometi\u00f3 a seguir trabajando con el gobierno nacional y regional para grandes mejoras en el municipio<\/figcaption><\/figure>\n<\/div>\n\n\n<p>En Santa Rosa recibi\u00f3 la aprobaci\u00f3n y el cari\u00f1o de estos habitantes, con actos culturales y de diversas maneras le manifestaron total respaldo a su candidatura a la Alcald\u00eda de Caron\u00ed.<\/p>\n\n\n\n<p>En la actividad tambi\u00e9n se hicieron sentir los j\u00f3venes del circuito comunal, quienes le presentaron sus proyectos de cara a la primera Consulta Popular de los Proyectos de la Juventud, la cual se efectuar\u00e1 en conjunto con las elecciones municipales, una propuesta presidencial in\u00e9dita que empoderar\u00e1 a la juventud venezolana.<\/p>\n\n\n\n<p><strong>Prensa Alcald\u00eda de Caron\u00ed<\/strong><\/p>\n","protected":false},"excerpt":{"rendered":"<p>Una gran fiesta popular realizaron las comunidades en el sector Santa Rosa de Villa Bah\u00eda junto al candidato a la Alcald\u00eda Bolivariana de Caron\u00ed, Yanny Alonzo, en celebraci\u00f3n del proyecto de \u00abMejoras y Equipamiento de Casas Comunales\u00bb del Circuito Comunal Agrotur\u00edstica Nuestra Independencia. Habitantes de cinco consejos comunales, con el candidato del Gran Polo Patri\u00f3tico [&hellip;]<\/p>\n","protected":false},"author":33,"featured_media":281999,"comment_status":"closed","ping_status":"closed","sticky":false,"template":"","format":"standard","meta":{"footnotes":""},"categories":[5,12],"tags":[287,1178,4480,4473],"class_list":{"0":"post-281993","1":"post","2":"type-post","3":"status-publish","4":"format-standard","5":"has-post-thumbnail","7":"category-destacado","8":"category-regionales","9":"tag-candidato","10":"tag-ciudad-guayana","11":"tag-comunidades","12":"tag-yanny-alonzo"},"_links":{"self":[{"href":"https:\/\/elluchador.info\/index.php?rest_route=\/wp\/v2\/posts\/281993","targetHints":{"allow":["GET"]}}],"collection":[{"href":"https:\/\/elluchador.info\/index.php?rest_route=\/wp\/v2\/posts"}],"about":[{"href":"https:\/\/elluchador.info\/index.php?rest_route=\/wp\/v2\/types\/post"}],"author":[{"embeddable":true,"href":"https:\/\/elluchador.info\/index.php?rest_route=\/wp\/v2\/users\/33"}],"replies":[{"embeddable":true,"href":"https:\/\/elluchador.info\/index.php?rest_route=%2Fwp%2Fv2%2Fcomments&post=281993"}],"version-history":[{"count":1,"href":"https:\/\/elluchador.info\/index.php?rest_route=\/wp\/v2\/posts\/281993\/revisions"}],"predecessor-version":[{"id":282000,"href":"https:\/\/elluchador.info\/index.php?rest_route=\/wp\/v2\/posts\/281993\/revisions\/282000"}],"wp:featuredmedia":[{"embeddable":true,"href":"https:\/\/elluchador.info\/index.php?rest_route=\/wp\/v2\/media\/281999"}],"wp:attachment":[{"href":"https:\/\/elluchador.info\/index.php?rest_route=%2Fwp%2Fv2%2Fmedia&parent=281993"}],"wp:term":[{"taxonomy":"category","embeddable":true,"href":"https:\/\/elluchador.info\/index.php?rest_route=%2Fwp%2Fv2%2Fcategories&post=281993"},{"taxonomy":"post_tag","embeddable":true,"href":"https:\/\/elluchador.info\/index.php?rest_route=%2Fwp%2Fv2%2Ftags&post=281993"}],"curies":[{"name":"wp","href":"https:\/\/api.w.org\/{rel}","templated":true}]}}