{"id":282029,"date":"2025-06-24T08:21:52","date_gmt":"2025-06-24T12:21:52","guid":{"rendered":"https:\/\/elluchador.info\/?p=282029"},"modified":"2025-06-24T08:22:24","modified_gmt":"2025-06-24T12:22:24","slug":"autoridades-venezolanas-conmemoran-204-anos-de-la-batalla-de-carabobo","status":"publish","type":"post","link":"https:\/\/elluchador.info\/?p=282029","title":{"rendered":"Autoridades venezolanas conmemoran 204 a\u00f1os de la Batalla de Carabobo"},"content":{"rendered":"\n<p>\u200eAutoridades del gobierno nacional y efectivos de la Fuerza Armada Nacional (FANB), iniciaron a primera hora de este martes 24 de junio, los actos conmemorativos por los 204 a\u00f1os de la Batalla de Carabobo y D\u00eda del Ej\u00e9rcito, con la izada de la bandera en el Pante\u00f3n Nacional, en Caracas.<br>\u200e<br>\u200eEn la actividad se rindi\u00f3 honores a los hombres y mujeres que dieron su vida a la causa independentistas en la \u00e9pica batalla.<br>\u200e<br>\u200eEn el acto tuvo la asistencia del ministros para la Alimentaci\u00f3n, Carlos Augusto Leal Teller\u00eda; para el Proceso Social y Trabajo, Eduardo Pi\u00f1ate; para el Servicio Penitenciario, Julio Garc\u00eda Zerpa; de Cultura, Ernesto Villegas; de la Mujer y la Igualdad de G\u00e9nero, Yelitze Santaella; adem\u00e1s del comandante de la Regi\u00f3n Estrat\u00e9gica de Defensa Integral (Redi), Dilio Rodr\u00edguez.<br>\u200e<br>\u200eLa Batalla de Carabobo el 24 de junio de 1821, marc\u00f3 un hito trascendental y decisivo para la independencia de Venezuela del dominio espa\u00f1ol.<br>\u200e<br>\u200eEsta batalla es un s\u00edmbolo de la lucha venezolana por su independencia y representa los valores de unidad, libertad y coraje, y fue el punto de inflexi\u00f3n crucial que asegur\u00f3 el control independentista sobre gran parte del territorio venezolano.<br>\u200e<br>\u200eCon informaci\u00f3n <strong>El Informador<\/strong><\/p>\n","protected":false},"excerpt":{"rendered":"<p>\u200eAutoridades del gobierno nacional y efectivos de la Fuerza Armada Nacional (FANB), iniciaron a primera hora de este martes 24 de junio, los actos conmemorativos por los 204 a\u00f1os de la Batalla de Carabobo y D\u00eda del Ej\u00e9rcito, con la izada de la bandera en el Pante\u00f3n Nacional, en Caracas.\u200e\u200eEn la actividad se rindi\u00f3 honores [&hellip;]<\/p>\n","protected":false},"author":33,"featured_media":282030,"comment_status":"closed","ping_status":"closed","sticky":false,"template":"","format":"standard","meta":{"footnotes":""},"categories":[5,9],"tags":[4482,4483,105],"class_list":{"0":"post-282029","1":"post","2":"type-post","3":"status-publish","4":"format-standard","5":"has-post-thumbnail","7":"category-destacado","8":"category-nacionales","9":"tag-batalla-de-carabobo","10":"tag-tricolor-nacional","11":"tag-venezuela"},"_links":{"self":[{"href":"https:\/\/elluchador.info\/index.php?rest_route=\/wp\/v2\/posts\/282029","targetHints":{"allow":["GET"]}}],"collection":[{"href":"https:\/\/elluchador.info\/index.php?rest_route=\/wp\/v2\/posts"}],"about":[{"href":"https:\/\/elluchador.info\/index.php?rest_route=\/wp\/v2\/types\/post"}],"author":[{"embeddable":true,"href":"https:\/\/elluchador.info\/index.php?rest_route=\/wp\/v2\/users\/33"}],"replies":[{"embeddable":true,"href":"https:\/\/elluchador.info\/index.php?rest_route=%2Fwp%2Fv2%2Fcomments&post=282029"}],"version-history":[{"count":1,"href":"https:\/\/elluchador.info\/index.php?rest_route=\/wp\/v2\/posts\/282029\/revisions"}],"predecessor-version":[{"id":282031,"href":"https:\/\/elluchador.info\/index.php?rest_route=\/wp\/v2\/posts\/282029\/revisions\/282031"}],"wp:featuredmedia":[{"embeddable":true,"href":"https:\/\/elluchador.info\/index.php?rest_route=\/wp\/v2\/media\/282030"}],"wp:attachment":[{"href":"https:\/\/elluchador.info\/index.php?rest_route=%2Fwp%2Fv2%2Fmedia&parent=282029"}],"wp:term":[{"taxonomy":"category","embeddable":true,"href":"https:\/\/elluchador.info\/index.php?rest_route=%2Fwp%2Fv2%2Fcategories&post=282029"},{"taxonomy":"post_tag","embeddable":true,"href":"https:\/\/elluchador.info\/index.php?rest_route=%2Fwp%2Fv2%2Ftags&post=282029"}],"curies":[{"name":"wp","href":"https:\/\/api.w.org\/{rel}","templated":true}]}}