{"id":282112,"date":"2025-06-25T07:14:01","date_gmt":"2025-06-25T11:14:01","guid":{"rendered":"https:\/\/elluchador.info\/?p=282112"},"modified":"2025-06-25T07:14:33","modified_gmt":"2025-06-25T11:14:33","slug":"felipe-capozzolo-la-empresa-privada-es-determinante-para-buscar-la-prosperidad-del-pais","status":"publish","type":"post","link":"https:\/\/elluchador.info\/?p=282112","title":{"rendered":"Felipe Capozzolo: La empresa privada es determinante para buscar la prosperidad del pa\u00eds"},"content":{"rendered":"\n<p>\u200eEn una rueda de prensa convocada en la sede de la C\u00e1mara de Comercio de Ciudad Bol\u00edvar, Capozzolo hizo referencia al proyecto que representa y al equipo que lo acompa\u00f1ar\u00e1, desde la presidencia, en la tarea de llevar las riendas de la federaci\u00f3n de empresarios.<br>\u200e<br>\u200eJunto a Francisco Dom\u00ednguez, Jos\u00e9 Manuel Alejos y Monique Loffredo, Capozzolo sostuvo que uno de los ejes claves en los que debe transitar el pa\u00eds, es la recuperaci\u00f3n del poder adquisitivo, mediante \u201cla regionalizaci\u00f3n de la inversi\u00f3n\u201d.<br>\u200e<br>\u200eEl lema del equipo que lidera Capozzolo es \u00abIntegraci\u00f3n, Visi\u00f3n y Futuro\u00bb, por eso su enfoque en la regionalizaci\u00f3n como motor de transformaci\u00f3n, y para ello buscar\u00eda fortalecer las c\u00e1maras regionales, desde donde se impulsen proyectos que promuevan el crecimiento econ\u00f3mico.<br>\u200e<br>\u200e\u201cLa empresa privada tiene un rol preponderante en la ejecuci\u00f3n de planes econ\u00f3micos y productivos, la manera de ampliar la base tributaria es generando nuevas empresas, formalizar emprendedores, recomponer capacidades del Estado y de la empresa privada, para que cada quien cumpla sus funciones en la sociedad\u201d, admiti\u00f3 Capozzolo argumentando que solamente en un trabajo conjunto, entre el Gobierno y el empresariado, ser\u00e1 posible el restablecimiento de la econom\u00eda nacional. Afirm\u00f3, que de ser electo, mantendr\u00e1 los canales de interlocuci\u00f3n con el gobierno nacional.<br>\u200e<br>\u200eSe\u00f1ala elemental la generaci\u00f3n de empleos productivos, estimando la participaci\u00f3n de su equipo en el di\u00e1logo tripartito, donde adem\u00e1s de lo salarial, sean abordados temas fundamentales como la carga fiscal, que necesariamente debe ser revisada en aras de favorecer a todas las partes.<br>\u200e<br>\u200eCapozzolo asegur\u00f3 estar en sinton\u00eda con la b\u00fasqueda de mejoras salariales en el pa\u00eds: \u201cEn las sesiones de di\u00e1logo social, que seguiremos apoyando y llevando adelante se continuar\u00e1 buscando el balance entre la salarizaci\u00f3n y la bonificaci\u00f3n, en busca de una salarizaci\u00f3n mejor (que no debe atentar contra el empresariado), y adem\u00e1s tenemos inter\u00e9s en c\u00f3mo mejorar el ahorro prestacional en Venezuela, definir los mecanismos adecuados de ahorro prestacional, lo que se traduce en seguridad social para todos\u201d.<br>\u200e<br>\u200e<br><strong>\u200eMarilyn Luis<\/strong><\/p>\n","protected":false},"excerpt":{"rendered":"<p>\u200eEn una rueda de prensa convocada en la sede de la C\u00e1mara de Comercio de Ciudad Bol\u00edvar, Capozzolo hizo referencia al proyecto que representa y al equipo que lo acompa\u00f1ar\u00e1, desde la presidencia, en la tarea de llevar las riendas de la federaci\u00f3n de empresarios.\u200e\u200eJunto a Francisco Dom\u00ednguez, Jos\u00e9 Manuel Alejos y Monique Loffredo, Capozzolo [&hellip;]<\/p>\n","protected":false},"author":33,"featured_media":282113,"comment_status":"closed","ping_status":"closed","sticky":false,"template":"","format":"standard","meta":{"footnotes":""},"categories":[12],"tags":[185,306,105],"class_list":{"0":"post-282112","1":"post","2":"type-post","3":"status-publish","4":"format-standard","5":"has-post-thumbnail","7":"category-regionales","8":"tag-bolivar","9":"tag-ciudad-bolivar","10":"tag-venezuela"},"_links":{"self":[{"href":"https:\/\/elluchador.info\/index.php?rest_route=\/wp\/v2\/posts\/282112","targetHints":{"allow":["GET"]}}],"collection":[{"href":"https:\/\/elluchador.info\/index.php?rest_route=\/wp\/v2\/posts"}],"about":[{"href":"https:\/\/elluchador.info\/index.php?rest_route=\/wp\/v2\/types\/post"}],"author":[{"embeddable":true,"href":"https:\/\/elluchador.info\/index.php?rest_route=\/wp\/v2\/users\/33"}],"replies":[{"embeddable":true,"href":"https:\/\/elluchador.info\/index.php?rest_route=%2Fwp%2Fv2%2Fcomments&post=282112"}],"version-history":[{"count":1,"href":"https:\/\/elluchador.info\/index.php?rest_route=\/wp\/v2\/posts\/282112\/revisions"}],"predecessor-version":[{"id":282114,"href":"https:\/\/elluchador.info\/index.php?rest_route=\/wp\/v2\/posts\/282112\/revisions\/282114"}],"wp:featuredmedia":[{"embeddable":true,"href":"https:\/\/elluchador.info\/index.php?rest_route=\/wp\/v2\/media\/282113"}],"wp:attachment":[{"href":"https:\/\/elluchador.info\/index.php?rest_route=%2Fwp%2Fv2%2Fmedia&parent=282112"}],"wp:term":[{"taxonomy":"category","embeddable":true,"href":"https:\/\/elluchador.info\/index.php?rest_route=%2Fwp%2Fv2%2Fcategories&post=282112"},{"taxonomy":"post_tag","embeddable":true,"href":"https:\/\/elluchador.info\/index.php?rest_route=%2Fwp%2Fv2%2Ftags&post=282112"}],"curies":[{"name":"wp","href":"https:\/\/api.w.org\/{rel}","templated":true}]}}