{"id":282647,"date":"2025-07-01T07:53:43","date_gmt":"2025-07-01T11:53:43","guid":{"rendered":"https:\/\/elluchador.info\/?p=282647"},"modified":"2025-07-01T07:53:48","modified_gmt":"2025-07-01T11:53:48","slug":"camara-de-comercio-abre-un-centro-de-acopio-para-los-andes-venezolanos","status":"publish","type":"post","link":"https:\/\/elluchador.info\/?p=282647","title":{"rendered":"C\u00e1mara de Comercio abre un centro de acopio para los Andes venezolanos"},"content":{"rendered":"\n<p>\u200ePara responder a la emergencia en la regi\u00f3n andina, la C\u00e1mara de Comercio e Industrias del estado Bol\u00edvar (CCIEB), en conjunto con su Fundaci\u00f3n Social y Cultural, ha activado un centro de acopio.<br>\u200e<br>\u200eLa instituci\u00f3n hace un llamado a la comunidad para recolectar ayuda humanitaria destinada a los damnificados por las recientes e intensas lluvias, reafirmando su compromiso con el lema \u201csolidaridad en acci\u00f3n, esperanza en el coraz\u00f3n\u201d.<br>\u200e<br>\u200eLas fuertes precipitaciones han generado desbordamientos de r\u00edos, deslizamientos de tierra y cortes de carretera en M\u00e9rida, T\u00e1chira y Trujillo. Estas emergencias han dejado comunidades incomunicadas, viviendas destruidas y cientos de familias con necesidades b\u00e1sicas insatisfechas.<br>\u200e<br>\u200eAnte esta realidad, la solidaridad se convierte en la herramienta m\u00e1s valiosa para tender un puente entre quienes desean ayudar y quienes lo necesitan.<br>\u200e<br>\u200eLa presidente de la Fundaci\u00f3n Social y Cultural CC, Cynthia de Carrasco, indic\u00f3 que consciente de la responsabilidad social, ambas instituciones\u00a0 han decidido pasar de la preocupaci\u00f3n a la acci\u00f3n. La sede de la C\u00e1mara, ubicada en la Avenida T\u00e1chira de Ciudad Bol\u00edvar, sirve como punto de recolecci\u00f3n de insumos cr\u00edticos que luego ser\u00e1n enviados a los estados afectados.<br>\u200e<br>\u200e\u201cDe lunes a viernes, en un horario de 8:00\u202fa.\u202fm. a 4:00\u202fp.\u202fm., cualquier ciudadano, empresa o instituci\u00f3n puede acercarse y donar\u201d, dijo.<br>\u200e<br>\u200ePor su parte, Wuilfredo Carrasco, presidente de la CCIEB indic\u00f3 que las emergencias clim\u00e1ticas no se pueden evitar por completo, pero s\u00ed podemos mitigar sus efectos construyendo comunidades resilientes.<br>\u200e<br>\u200e\u201cHoy, m\u00e1s que nunca, la invitaci\u00f3n es clara: ac\u00e9rcate a la sede de la C\u00e1mara de Comercio en la Av. T\u00e1chira de Ciudad Bol\u00edvar. Lleva esa caja de alimentos que tienes en la despensa, esa cobija que ya no usas o ese paquete de pa\u00f1ales que puede ser vital para un beb\u00e9 en un refugio\u201d.<br>\u200e<br><strong><em>\u200eLa lista de requerimientos prioriza art\u00edculos que cubran necesidades inmediatas y urgentes:<\/em><\/strong> alimentos no perecederos (arroz, pasta, enlatados, granos, f\u00f3rmulas infantiles); agua potable, embotellada y tabletas potabilizadoras; ropa en buen estado, especialmente abrigos, chaquetas, guantes y calcetines adecuados para el clima fr\u00edo; art\u00edculos de higiene personal (jab\u00f3n, toallas sanitarias, pa\u00f1ales, papel higi\u00e9nico, toallas h\u00famedas; medicamentos b\u00e1sicos (analg\u00e9sicos, antigripales, sales de rehidrataci\u00f3n, material de curas; colchonetas y cobijas para mejorar las condiciones de descanso en refugios temporales.<br>\u200e<br>\u200eCada donaci\u00f3n, por peque\u00f1a que parezca, puede marcar una gran diferencia para las familias que han perdido pr\u00e1cticamente todo. La Fundaci\u00f3n Social y Cultural de la C\u00e1mara es un brazo vital de esta iniciativa.<br>\u200e<br>\u200eA trav\u00e9s de su experiencia, coordina el voluntariado que clasificar\u00e1 y empaquetar\u00e1 las donaciones. Este sistema garantiza que los insumos lleguen organizados y en perfectas condiciones a los sitios de mayor impacto.<br>\u200e<br><strong>\u200ePrensa CCIEB<\/strong><\/p>\n","protected":false},"excerpt":{"rendered":"<p>\u200ePara responder a la emergencia en la regi\u00f3n andina, la C\u00e1mara de Comercio e Industrias del estado Bol\u00edvar (CCIEB), en conjunto con su Fundaci\u00f3n Social y Cultural, ha activado un centro de acopio.\u200e\u200eLa instituci\u00f3n hace un llamado a la comunidad para recolectar ayuda humanitaria destinada a los damnificados por las recientes e intensas lluvias, reafirmando [&hellip;]<\/p>\n","protected":false},"author":33,"featured_media":282648,"comment_status":"closed","ping_status":"closed","sticky":false,"template":"","format":"standard","meta":{"footnotes":""},"categories":[5,12],"tags":[4517,306,4518],"class_list":{"0":"post-282647","1":"post","2":"type-post","3":"status-publish","4":"format-standard","5":"has-post-thumbnail","7":"category-destacado","8":"category-regionales","9":"tag-camara-de-comercio-2","10":"tag-ciudad-bolivar","11":"tag-los-andes"},"_links":{"self":[{"href":"https:\/\/elluchador.info\/index.php?rest_route=\/wp\/v2\/posts\/282647","targetHints":{"allow":["GET"]}}],"collection":[{"href":"https:\/\/elluchador.info\/index.php?rest_route=\/wp\/v2\/posts"}],"about":[{"href":"https:\/\/elluchador.info\/index.php?rest_route=\/wp\/v2\/types\/post"}],"author":[{"embeddable":true,"href":"https:\/\/elluchador.info\/index.php?rest_route=\/wp\/v2\/users\/33"}],"replies":[{"embeddable":true,"href":"https:\/\/elluchador.info\/index.php?rest_route=%2Fwp%2Fv2%2Fcomments&post=282647"}],"version-history":[{"count":1,"href":"https:\/\/elluchador.info\/index.php?rest_route=\/wp\/v2\/posts\/282647\/revisions"}],"predecessor-version":[{"id":282649,"href":"https:\/\/elluchador.info\/index.php?rest_route=\/wp\/v2\/posts\/282647\/revisions\/282649"}],"wp:featuredmedia":[{"embeddable":true,"href":"https:\/\/elluchador.info\/index.php?rest_route=\/wp\/v2\/media\/282648"}],"wp:attachment":[{"href":"https:\/\/elluchador.info\/index.php?rest_route=%2Fwp%2Fv2%2Fmedia&parent=282647"}],"wp:term":[{"taxonomy":"category","embeddable":true,"href":"https:\/\/elluchador.info\/index.php?rest_route=%2Fwp%2Fv2%2Fcategories&post=282647"},{"taxonomy":"post_tag","embeddable":true,"href":"https:\/\/elluchador.info\/index.php?rest_route=%2Fwp%2Fv2%2Ftags&post=282647"}],"curies":[{"name":"wp","href":"https:\/\/api.w.org\/{rel}","templated":true}]}}