{"id":282742,"date":"2025-07-02T07:05:00","date_gmt":"2025-07-02T11:05:00","guid":{"rendered":"https:\/\/elluchador.info\/?p=282742"},"modified":"2025-07-01T23:27:00","modified_gmt":"2025-07-02T03:27:00","slug":"ministro-de-educacion-ratifica-que-las-actividades-escolares-terminan-el-18j","status":"publish","type":"post","link":"https:\/\/elluchador.info\/?p=282742","title":{"rendered":"Ministro de Educaci\u00f3n ratifica que las actividades escolares terminan el 18J"},"content":{"rendered":"\n<p>\u200eEl ministro de Educaci\u00f3n, H\u00e9ctor Rodr\u00edguez, reiter\u00f3 que el calendario escolar 2024-2025 debe cumplirse en su totalidad, recordando que las clases en escuelas y liceos del pa\u00eds son hasta el 18 de julio, fecha oficial de culminaci\u00f3n del per\u00edodo acad\u00e9mico.<br>\u200e<br>\u200eDurante una actividad con docentes y estudiantes, el ministro Rodr\u00edguez cuestion\u00f3 que algunas instituciones est\u00e9n culminando las actividades acad\u00e9micas antes de la fecha establecida.<br>\u200e<br>\u200e\u201cYa cerrando mayo, hay escuelas que dicen: ya terminamos. \u00bfC\u00f3mo que terminaron? Las clases son hasta el 18 de julio, luego vienen las recuperaciones, los actos de grado y en agosto tendremos clases de nivelaci\u00f3n\u201d, dijo.<br>\u200e<br>\u200eEn este sentido, el titular de la cartera\u00a0 educativa, enfatiz\u00f3 que no se trata \u00fanicamente de cumplir con cinco d\u00edas de clases a la semana, sino de garantizar los 200 d\u00edas acad\u00e9micos reglamentarios.<br>\u200e<br>\u200e\u201cNo podemos comenzar clases en octubre y terminar en mayo. Eso no puede ser\u201d, expres\u00f3.<br>\u200e<br><strong><mark style=\"background-color:rgba(0, 0, 0, 0)\" class=\"has-inline-color has-vivid-red-color\">\u200eEvaluaci\u00f3n sobre la calidad educativa<\/mark><\/strong><br>\u200e<br>\u200eEl ministro de Educaci\u00f3n tambi\u00e9n anunci\u00f3 el inicio de un proceso de evaluaci\u00f3n sobre la calidad de la educaci\u00f3n en el pa\u00eds. Seg\u00fan detall\u00f3, la medici\u00f3n se aplicar\u00e1 de forma aleatoria a un 10\u202f% de los estudiantes de 3.\u00ba y 6.\u00ba grado de educaci\u00f3n b\u00e1sica, as\u00ed como de 3.\u00ba a\u00f1o de bachillerato, en cada municipio.<br>\u200e<br>\u200eEl objetivo, seg\u00fan explic\u00f3 a trav\u00e9s de la cuenta oficial del Ministerio en Instagram, es \u201cidentificar las \u00e1reas donde necesitamos fortalecer nuestros programas y asegurar que la educaci\u00f3n que reciben nuestros ni\u00f1os y j\u00f3venes sea de la m\u00e1s alta calidad\u201d.<br>\u200e<br>\u200eEsta evaluaci\u00f3n se realizar\u00e1 de manera anual al cierre del a\u00f1o escolar, esto como un m\u00e9todo que buscar reforzar y mejorar el sistema educativo venezolano.<br>\u200e<br>\u200e<br>\u200eCon informaci\u00f3n <strong>El Universal<\/strong><\/p>\n","protected":false},"excerpt":{"rendered":"<p>\u200eEl ministro de Educaci\u00f3n, H\u00e9ctor Rodr\u00edguez, reiter\u00f3 que el calendario escolar 2024-2025 debe cumplirse en su totalidad, recordando que las clases en escuelas y liceos del pa\u00eds son hasta el 18 de julio, fecha oficial de culminaci\u00f3n del per\u00edodo acad\u00e9mico.\u200e\u200eDurante una actividad con docentes y estudiantes, el ministro Rodr\u00edguez cuestion\u00f3 que algunas instituciones est\u00e9n culminando [&hellip;]<\/p>\n","protected":false},"author":33,"featured_media":282744,"comment_status":"closed","ping_status":"closed","sticky":false,"template":"","format":"standard","meta":{"footnotes":""},"categories":[5,9],"tags":[104,105],"class_list":{"0":"post-282742","1":"post","2":"type-post","3":"status-publish","4":"format-standard","5":"has-post-thumbnail","7":"category-destacado","8":"category-nacionales","9":"tag-educacion","10":"tag-venezuela"},"_links":{"self":[{"href":"https:\/\/elluchador.info\/index.php?rest_route=\/wp\/v2\/posts\/282742","targetHints":{"allow":["GET"]}}],"collection":[{"href":"https:\/\/elluchador.info\/index.php?rest_route=\/wp\/v2\/posts"}],"about":[{"href":"https:\/\/elluchador.info\/index.php?rest_route=\/wp\/v2\/types\/post"}],"author":[{"embeddable":true,"href":"https:\/\/elluchador.info\/index.php?rest_route=\/wp\/v2\/users\/33"}],"replies":[{"embeddable":true,"href":"https:\/\/elluchador.info\/index.php?rest_route=%2Fwp%2Fv2%2Fcomments&post=282742"}],"version-history":[{"count":1,"href":"https:\/\/elluchador.info\/index.php?rest_route=\/wp\/v2\/posts\/282742\/revisions"}],"predecessor-version":[{"id":282745,"href":"https:\/\/elluchador.info\/index.php?rest_route=\/wp\/v2\/posts\/282742\/revisions\/282745"}],"wp:featuredmedia":[{"embeddable":true,"href":"https:\/\/elluchador.info\/index.php?rest_route=\/wp\/v2\/media\/282744"}],"wp:attachment":[{"href":"https:\/\/elluchador.info\/index.php?rest_route=%2Fwp%2Fv2%2Fmedia&parent=282742"}],"wp:term":[{"taxonomy":"category","embeddable":true,"href":"https:\/\/elluchador.info\/index.php?rest_route=%2Fwp%2Fv2%2Fcategories&post=282742"},{"taxonomy":"post_tag","embeddable":true,"href":"https:\/\/elluchador.info\/index.php?rest_route=%2Fwp%2Fv2%2Ftags&post=282742"}],"curies":[{"name":"wp","href":"https:\/\/api.w.org\/{rel}","templated":true}]}}