{"id":282941,"date":"2025-07-04T09:55:40","date_gmt":"2025-07-04T13:55:40","guid":{"rendered":"https:\/\/elluchador.info\/?p=282941"},"modified":"2025-07-04T09:55:44","modified_gmt":"2025-07-04T13:55:44","slug":"en-30-dias-se-activan-vuelos-puerto-ordaz-canaima-santa-elena-de-uairen-margarita","status":"publish","type":"post","link":"https:\/\/elluchador.info\/?p=282941","title":{"rendered":"En 30 d\u00edas se activan vuelos Puerto Ordaz \u2013 Canaima \u2013 Santa Elena de Uair\u00e9n \u2013 Margarita"},"content":{"rendered":"\n<p>\u200eJulio de victorias, en 30 d\u00edas inician en el estado Bol\u00edvar los vuelos desde Puerto Ordaz \u2013 Canaima, Santa Elena\u00a0 de Uair\u00e9n &#8211; Margarita. El anuncio fue hecho por el ministro del Poder Popular para el Transporte, Ram\u00f3n Vel\u00e1squez Araguay\u00e1n, durante una reuni\u00f3n con la gobernadora del estado Bol\u00edvar, Yulisbeth Garc\u00eda, y el viceministro de Transporte, H\u00e9ctor Enrique Rojas.<br>\u200e<br>\u200eEste jueves, la Gobernadora agradeci\u00f3 al presidente Nicol\u00e1s Maduro, a la madrina y Vicepresidenta, Delcy Rodr\u00edguez, y al ministro de Transporte, por cumplir esta solicitud que le hizo en campa\u00f1a para impulsar el turismo en la regi\u00f3n.<br>\u200e<br>\u200e\u201cHemos recibido una extraordinaria noticia por parte de nuestro ministro del Poder Popular para el Transporte, Ram\u00f3n Vel\u00e1squez Araguay\u00e1n, quien nos ha cumplido la solicitud que le hicimos durante la campa\u00f1a electoral, en 30 d\u00edas inician los vuelos Puerto Ordaz &#8211; Canaima &#8211; Santa Elena de Uair\u00e9n, con la incorporaci\u00f3n de Margarita, Santa Elena &#8211; Margarita, un regalo de la Revoluci\u00f3n Bolivariana, de nuestro presidente Nicol\u00e1s Maduro y de la madrina Delcy Rodr\u00edguez para seguir impulsando el turismo y la conectividad a\u00e9rea\u00a0 en el estado Bol\u00edvar\u201d, refiri\u00f3, Garc\u00eda.<br>\u200e<br><strong><mark style=\"background-color:rgba(0, 0, 0, 0)\" class=\"has-inline-color has-luminous-vivid-orange-color\">\u200eMejoras en troncales y plan de asfaltado<\/mark><\/strong><br>\u200e<br>\u200eLa Gobernadora inform\u00f3 que durante la reuni\u00f3n hablaron de los trabajos que se llevan a cabo en el estado Bol\u00edvar, con la recuperaci\u00f3n de las troncales y los planes especiales de asfaltado en diferentes municipios, incluyendo las respectivas demarcaciones para garantizar mejor vialidad al sistema de transporte.<br>\u200e<br>\u200e\u201cSomos de hechos, somos de trabajo, con el presidente Nicol\u00e1s Maduro y con nuestra madrina Delcy Rodr\u00edguez el estado Bol\u00edvar va pa\u2019 lante\u201d.<br>\u200e<br>\u200ePor su parte, el ministro del Poder Popular para el Transporte, Ram\u00f3n Vel\u00e1squez Araguay\u00e1n, destac\u00f3 que este enlace y activaci\u00f3n de vuelos contribuir\u00e1 al avance del turismo y a la conectividad del territorio para el crecimiento econ\u00f3mico y productivo.<br>\u200e<br><strong><mark style=\"background-color:rgba(0, 0, 0, 0)\" class=\"has-inline-color has-luminous-vivid-orange-color\">\u200ePrensa Gobernaci\u00f3n de Bol\u00edvar<\/mark><\/strong><\/p>\n","protected":false},"excerpt":{"rendered":"<p>\u200eJulio de victorias, en 30 d\u00edas inician en el estado Bol\u00edvar los vuelos desde Puerto Ordaz \u2013 Canaima, Santa Elena\u00a0 de Uair\u00e9n &#8211; Margarita. El anuncio fue hecho por el ministro del Poder Popular para el Transporte, Ram\u00f3n Vel\u00e1squez Araguay\u00e1n, durante una reuni\u00f3n con la gobernadora del estado Bol\u00edvar, Yulisbeth Garc\u00eda, y el viceministro de [&hellip;]<\/p>\n","protected":false},"author":33,"featured_media":282942,"comment_status":"closed","ping_status":"closed","sticky":false,"template":"","format":"standard","meta":{"footnotes":""},"categories":[5,12],"tags":[185,352],"class_list":{"0":"post-282941","1":"post","2":"type-post","3":"status-publish","4":"format-standard","5":"has-post-thumbnail","7":"category-destacado","8":"category-regionales","9":"tag-bolivar","10":"tag-gobierno"},"_links":{"self":[{"href":"https:\/\/elluchador.info\/index.php?rest_route=\/wp\/v2\/posts\/282941","targetHints":{"allow":["GET"]}}],"collection":[{"href":"https:\/\/elluchador.info\/index.php?rest_route=\/wp\/v2\/posts"}],"about":[{"href":"https:\/\/elluchador.info\/index.php?rest_route=\/wp\/v2\/types\/post"}],"author":[{"embeddable":true,"href":"https:\/\/elluchador.info\/index.php?rest_route=\/wp\/v2\/users\/33"}],"replies":[{"embeddable":true,"href":"https:\/\/elluchador.info\/index.php?rest_route=%2Fwp%2Fv2%2Fcomments&post=282941"}],"version-history":[{"count":1,"href":"https:\/\/elluchador.info\/index.php?rest_route=\/wp\/v2\/posts\/282941\/revisions"}],"predecessor-version":[{"id":282943,"href":"https:\/\/elluchador.info\/index.php?rest_route=\/wp\/v2\/posts\/282941\/revisions\/282943"}],"wp:featuredmedia":[{"embeddable":true,"href":"https:\/\/elluchador.info\/index.php?rest_route=\/wp\/v2\/media\/282942"}],"wp:attachment":[{"href":"https:\/\/elluchador.info\/index.php?rest_route=%2Fwp%2Fv2%2Fmedia&parent=282941"}],"wp:term":[{"taxonomy":"category","embeddable":true,"href":"https:\/\/elluchador.info\/index.php?rest_route=%2Fwp%2Fv2%2Fcategories&post=282941"},{"taxonomy":"post_tag","embeddable":true,"href":"https:\/\/elluchador.info\/index.php?rest_route=%2Fwp%2Fv2%2Ftags&post=282941"}],"curies":[{"name":"wp","href":"https:\/\/api.w.org\/{rel}","templated":true}]}}