{"id":283163,"date":"2025-07-06T16:27:19","date_gmt":"2025-07-06T20:27:19","guid":{"rendered":"https:\/\/elluchador.info\/?p=283163"},"modified":"2025-07-06T16:27:23","modified_gmt":"2025-07-06T20:27:23","slug":"detienen-a-venezolano-por-secuestrar-a-exalcalde-de-chile","status":"publish","type":"post","link":"https:\/\/elluchador.info\/?p=283163","title":{"rendered":"Detienen a venezolano por secuestrar a exalcalde de Chile"},"content":{"rendered":"\n<p>\u200eUn venezolano, identificado como Israel Useche (18), fue detenido y permanecer\u00e1 en prisi\u00f3n preventiva tras ser formalizado como uno de los presuntos responsables del secuestro del exalcalde de Macul, Gonzalo Montoya.<br>\u200e<br>\u200eEl fiscal del Equipo contra el Crimen Organizado y Homicidios (ECOH), Ernesto Gonz\u00e1lez, confirm\u00f3 que el joven detenido habr\u00eda tenido un rol activo en el secuestro, ocurrido en junio pasado, refiere El <strong><em>Tubazo<\/em><\/strong>.<br>\u200e<br>\u200eNo obstante, se\u00f1al\u00f3 que los detalles de la causa se mantienen bajo reserva para no entorpecer las diligencias en curso.<br>\u200e<br>\u200eFuentes policiales aseguran que existen m\u00e1s personas identificadas como part\u00edcipes del crimen, se tratar\u00eda de dos mujeres y un hombre, pero su paradero es incierto. Sin embargo, contin\u00faan con la b\u00fasqueda.<br>\u200e<br>\u200eEn representaci\u00f3n del imputado, la abogada Patricia Palacios afirm\u00f3 que su cliente niega haber participado en el secuestro y descart\u00f3 cualquier conexi\u00f3n con redes delictivas.<br>\u200e<br>\u200eEl tribunal fij\u00f3 un plazo de 120 d\u00edas para el desarrollo de la investigaci\u00f3n.<br>\u200e<br>\u200eCon informaci\u00f3n <strong>2001<\/strong><\/p>\n","protected":false},"excerpt":{"rendered":"<p>\u200eUn venezolano, identificado como Israel Useche (18), fue detenido y permanecer\u00e1 en prisi\u00f3n preventiva tras ser formalizado como uno de los presuntos responsables del secuestro del exalcalde de Macul, Gonzalo Montoya.\u200e\u200eEl fiscal del Equipo contra el Crimen Organizado y Homicidios (ECOH), Ernesto Gonz\u00e1lez, confirm\u00f3 que el joven detenido habr\u00eda tenido un rol activo en el [&hellip;]<\/p>\n","protected":false},"author":33,"featured_media":283164,"comment_status":"closed","ping_status":"closed","sticky":false,"template":"","format":"standard","meta":{"footnotes":""},"categories":[8],"tags":[371,2117,1696],"class_list":{"0":"post-283163","1":"post","2":"type-post","3":"status-publish","4":"format-standard","5":"has-post-thumbnail","7":"category-internacionales","8":"tag-chile","9":"tag-secuestro","10":"tag-venezolano"},"_links":{"self":[{"href":"https:\/\/elluchador.info\/index.php?rest_route=\/wp\/v2\/posts\/283163","targetHints":{"allow":["GET"]}}],"collection":[{"href":"https:\/\/elluchador.info\/index.php?rest_route=\/wp\/v2\/posts"}],"about":[{"href":"https:\/\/elluchador.info\/index.php?rest_route=\/wp\/v2\/types\/post"}],"author":[{"embeddable":true,"href":"https:\/\/elluchador.info\/index.php?rest_route=\/wp\/v2\/users\/33"}],"replies":[{"embeddable":true,"href":"https:\/\/elluchador.info\/index.php?rest_route=%2Fwp%2Fv2%2Fcomments&post=283163"}],"version-history":[{"count":1,"href":"https:\/\/elluchador.info\/index.php?rest_route=\/wp\/v2\/posts\/283163\/revisions"}],"predecessor-version":[{"id":283165,"href":"https:\/\/elluchador.info\/index.php?rest_route=\/wp\/v2\/posts\/283163\/revisions\/283165"}],"wp:featuredmedia":[{"embeddable":true,"href":"https:\/\/elluchador.info\/index.php?rest_route=\/wp\/v2\/media\/283164"}],"wp:attachment":[{"href":"https:\/\/elluchador.info\/index.php?rest_route=%2Fwp%2Fv2%2Fmedia&parent=283163"}],"wp:term":[{"taxonomy":"category","embeddable":true,"href":"https:\/\/elluchador.info\/index.php?rest_route=%2Fwp%2Fv2%2Fcategories&post=283163"},{"taxonomy":"post_tag","embeddable":true,"href":"https:\/\/elluchador.info\/index.php?rest_route=%2Fwp%2Fv2%2Ftags&post=283163"}],"curies":[{"name":"wp","href":"https:\/\/api.w.org\/{rel}","templated":true}]}}