{"id":283166,"date":"2025-07-06T16:34:18","date_gmt":"2025-07-06T20:34:18","guid":{"rendered":"https:\/\/elluchador.info\/?p=283166"},"modified":"2025-07-06T16:45:46","modified_gmt":"2025-07-06T20:45:46","slug":"neymar-jr-y-bruna-biancardi-presentan-a-su-segunda-hija","status":"publish","type":"post","link":"https:\/\/elluchador.info\/?p=283166","title":{"rendered":"Neymar Jr. y Bruna Biancardi presentan a su segunda hija"},"content":{"rendered":"\n<p>\u200eEl s\u00e1bado Neymar y su pareja, la influencer y empresaria Bruna Biancardi, dieron la bienvenida a su segunda hija en com\u00fan, a quien han llamado Mel. La peque\u00f1a naci\u00f3 en el Hospital S\u00e3o Luiz Star, en S\u00e3o Paulo, tras una ces\u00e1rea de urgencia motivada por la rotura prematura de la bolsa, seg\u00fan confirmaron fuentes pr\u00f3ximas a la pareja. Tanto la madre como la reci\u00e9n nacida se encuentran bien, en un momento que, a pesar de las circunstancias, estuvo lleno de emoci\u00f3n, amor y significado para ambos. <\/p>\n\n\n\n<figure class=\"wp-block-gallery has-nested-images columns-default is-cropped wp-block-gallery-1 is-layout-flex wp-block-gallery-is-layout-flex\">\n<figure class=\"wp-block-image size-large\"><img loading=\"lazy\" decoding=\"async\" width=\"1016\" height=\"1024\" data-id=\"283167\" src=\"https:\/\/elluchador.info\/wp-content\/uploads\/2025\/07\/Screenshot_20250706-162812-1016x1024.jpg\" alt=\"\" class=\"wp-image-283167\" srcset=\"https:\/\/elluchador.info\/wp-content\/uploads\/2025\/07\/Screenshot_20250706-162812-1016x1024.jpg 1016w, https:\/\/elluchador.info\/wp-content\/uploads\/2025\/07\/Screenshot_20250706-162812-298x300.jpg 298w, https:\/\/elluchador.info\/wp-content\/uploads\/2025\/07\/Screenshot_20250706-162812-768x774.jpg 768w, https:\/\/elluchador.info\/wp-content\/uploads\/2025\/07\/Screenshot_20250706-162812-150x151.jpg 150w, https:\/\/elluchador.info\/wp-content\/uploads\/2025\/07\/Screenshot_20250706-162812-300x302.jpg 300w, https:\/\/elluchador.info\/wp-content\/uploads\/2025\/07\/Screenshot_20250706-162812-696x701.jpg 696w, https:\/\/elluchador.info\/wp-content\/uploads\/2025\/07\/Screenshot_20250706-162812-1068x1076.jpg 1068w, https:\/\/elluchador.info\/wp-content\/uploads\/2025\/07\/Screenshot_20250706-162812.jpg 1080w\" sizes=\"auto, (max-width: 1016px) 100vw, 1016px\" \/><\/figure>\n\n\n\n<figure class=\"wp-block-image size-large\"><img loading=\"lazy\" decoding=\"async\" width=\"978\" height=\"1024\" data-id=\"283168\" src=\"https:\/\/elluchador.info\/wp-content\/uploads\/2025\/07\/Screenshot_20250706-162758-978x1024.jpg\" alt=\"\" class=\"wp-image-283168\" srcset=\"https:\/\/elluchador.info\/wp-content\/uploads\/2025\/07\/Screenshot_20250706-162758-978x1024.jpg 978w, https:\/\/elluchador.info\/wp-content\/uploads\/2025\/07\/Screenshot_20250706-162758-286x300.jpg 286w, https:\/\/elluchador.info\/wp-content\/uploads\/2025\/07\/Screenshot_20250706-162758-768x804.jpg 768w, https:\/\/elluchador.info\/wp-content\/uploads\/2025\/07\/Screenshot_20250706-162758-150x157.jpg 150w, https:\/\/elluchador.info\/wp-content\/uploads\/2025\/07\/Screenshot_20250706-162758-300x314.jpg 300w, https:\/\/elluchador.info\/wp-content\/uploads\/2025\/07\/Screenshot_20250706-162758-696x729.jpg 696w, https:\/\/elluchador.info\/wp-content\/uploads\/2025\/07\/Screenshot_20250706-162758-1068x1118.jpg 1068w, https:\/\/elluchador.info\/wp-content\/uploads\/2025\/07\/Screenshot_20250706-162758.jpg 1080w\" sizes=\"auto, (max-width: 978px) 100vw, 978px\" \/><\/figure>\n<\/figure>\n\n\n\n<p>\u200eEsta nueva paternidad ampl\u00eda la familia de Neymar, que ya es padre de cuatro hijos con tres mujeres diferentes: su primog\u00e9nito Davi Lucca, de 13 a\u00f1os, fruto de su relaci\u00f3n con Carolina Dantas; la peque\u00f1a Mavie, de 1 a\u00f1o y 8 meses, nacida junto a Bruna; y Helena, que acaba de cumplir un a\u00f1o, hija del futbolista con la tambi\u00e9n influencer Amanda Kimberlly. <\/p>\n\n\n<div class=\"wp-block-image\">\n<figure class=\"aligncenter size-large is-resized\"><img loading=\"lazy\" decoding=\"async\" width=\"969\" height=\"1024\" src=\"https:\/\/elluchador.info\/wp-content\/uploads\/2025\/07\/Screenshot_20250706-162825-969x1024.jpg\" alt=\"\" class=\"wp-image-283169\" style=\"width:582px;height:auto\" srcset=\"https:\/\/elluchador.info\/wp-content\/uploads\/2025\/07\/Screenshot_20250706-162825-969x1024.jpg 969w, https:\/\/elluchador.info\/wp-content\/uploads\/2025\/07\/Screenshot_20250706-162825-284x300.jpg 284w, https:\/\/elluchador.info\/wp-content\/uploads\/2025\/07\/Screenshot_20250706-162825-768x811.jpg 768w, https:\/\/elluchador.info\/wp-content\/uploads\/2025\/07\/Screenshot_20250706-162825-150x158.jpg 150w, https:\/\/elluchador.info\/wp-content\/uploads\/2025\/07\/Screenshot_20250706-162825-300x317.jpg 300w, https:\/\/elluchador.info\/wp-content\/uploads\/2025\/07\/Screenshot_20250706-162825-696x735.jpg 696w, https:\/\/elluchador.info\/wp-content\/uploads\/2025\/07\/Screenshot_20250706-162825-1068x1128.jpg 1068w, https:\/\/elluchador.info\/wp-content\/uploads\/2025\/07\/Screenshot_20250706-162825.jpg 1080w\" sizes=\"auto, (max-width: 969px) 100vw, 969px\" \/><\/figure>\n<\/div>\n\n\n<p>\u200eFue la propia Bruna quien comparti\u00f3 la feliz noticia a trav\u00e9s de sus redes sociales con un mensaje que ha enternecido a sus seguidores: \u201c\u00a1Nuestra Mel lleg\u00f3, para completar y endulzar a\u00fan m\u00e1s nuestras vidas! \u00a1Bienvenida, hija! Que Dios bendiga tu vida y te libre de todo mal. <\/p>\n\n\n\n<p>\u200e\u00a1Estamos ansiosos por vivir este nuevo cap\u00edtulo contigo. \u00a1Te amamos!\u201d, escribi\u00f3 con ilusi\u00f3n, firmando la publicaci\u00f3n con su nombre, el de su primera hija, Mavie, y el de la reci\u00e9n nacida. <\/p>\n\n\n\n<p>Con informaci\u00f3n <strong><mark style=\"background-color:rgba(0, 0, 0, 0)\" class=\"has-inline-color has-vivid-red-color\">Hola!<\/mark><\/strong><\/p>\n","protected":false},"excerpt":{"rendered":"<p>\u200eEl s\u00e1bado Neymar y su pareja, la influencer y empresaria Bruna Biancardi, dieron la bienvenida a su segunda hija en com\u00fan, a quien han llamado Mel. La peque\u00f1a naci\u00f3 en el Hospital S\u00e3o Luiz Star, en S\u00e3o Paulo, tras una ces\u00e1rea de urgencia motivada por la rotura prematura de la bolsa, seg\u00fan confirmaron fuentes pr\u00f3ximas [&hellip;]<\/p>\n","protected":false},"author":33,"featured_media":283170,"comment_status":"closed","ping_status":"closed","sticky":false,"template":"","format":"standard","meta":{"footnotes":""},"categories":[7],"tags":[495,4558,2512,2417],"class_list":{"0":"post-283166","1":"post","2":"type-post","3":"status-publish","4":"format-standard","5":"has-post-thumbnail","7":"category-entretenimiento","8":"tag-bebe","9":"tag-mavie","10":"tag-nacimiento","11":"tag-neymar"},"_links":{"self":[{"href":"https:\/\/elluchador.info\/index.php?rest_route=\/wp\/v2\/posts\/283166","targetHints":{"allow":["GET"]}}],"collection":[{"href":"https:\/\/elluchador.info\/index.php?rest_route=\/wp\/v2\/posts"}],"about":[{"href":"https:\/\/elluchador.info\/index.php?rest_route=\/wp\/v2\/types\/post"}],"author":[{"embeddable":true,"href":"https:\/\/elluchador.info\/index.php?rest_route=\/wp\/v2\/users\/33"}],"replies":[{"embeddable":true,"href":"https:\/\/elluchador.info\/index.php?rest_route=%2Fwp%2Fv2%2Fcomments&post=283166"}],"version-history":[{"count":2,"href":"https:\/\/elluchador.info\/index.php?rest_route=\/wp\/v2\/posts\/283166\/revisions"}],"predecessor-version":[{"id":283172,"href":"https:\/\/elluchador.info\/index.php?rest_route=\/wp\/v2\/posts\/283166\/revisions\/283172"}],"wp:featuredmedia":[{"embeddable":true,"href":"https:\/\/elluchador.info\/index.php?rest_route=\/wp\/v2\/media\/283170"}],"wp:attachment":[{"href":"https:\/\/elluchador.info\/index.php?rest_route=%2Fwp%2Fv2%2Fmedia&parent=283166"}],"wp:term":[{"taxonomy":"category","embeddable":true,"href":"https:\/\/elluchador.info\/index.php?rest_route=%2Fwp%2Fv2%2Fcategories&post=283166"},{"taxonomy":"post_tag","embeddable":true,"href":"https:\/\/elluchador.info\/index.php?rest_route=%2Fwp%2Fv2%2Ftags&post=283166"}],"curies":[{"name":"wp","href":"https:\/\/api.w.org\/{rel}","templated":true}]}}