{"id":283176,"date":"2025-07-06T17:14:15","date_gmt":"2025-07-06T21:14:15","guid":{"rendered":"https:\/\/elluchador.info\/?p=283176"},"modified":"2025-07-06T17:14:18","modified_gmt":"2025-07-06T21:14:18","slug":"aerolinea-estelar-suspendio-vuelos-caracas-madrid","status":"publish","type":"post","link":"https:\/\/elluchador.info\/?p=283176","title":{"rendered":"Aerol\u00ednea Estelar suspendi\u00f3 vuelos Caracas \u2013 Madrid"},"content":{"rendered":"\n<p>\u200eLa aerol\u00ednea venezolana Estelar inform\u00f3 este s\u00e1bado 5 de julio sobre la suspensi\u00f3n temporal de sus vuelos en la ruta Madrid-Caracas-Madrid durante todo el mes de julio.<br>\u200e<br>\u200eEn un comunicado oficial, la empresa detall\u00f3 que la medida se debe a \u00abmotivos operacionales relacionados con la compa\u00f1\u00eda arrendadora de las aeronaves utilizadas\u00bb.<br>\u200e<br>\u200eEn este sentido, expres\u00f3 sus disculpas por los inconvenientes ocasionados y ofreci\u00f3 los siguientes canales de atenci\u00f3n para brindar soporte a sus clientes: atencionalcliente@flyestelar.com y WhatsApp al n\u00famero <a href=\"content:\/\/com.transsion.notebook\/phone#0424-1768352\">0424-1768352<\/a>.<br>\u200e<br>\u200ePor otro lado, se inform\u00f3 que los pasajeros afectados tendr\u00e1n la posibilidad de solicitar el reembolso del boleto correspondiente al tramo impactado o gestionar la reprogramaci\u00f3n de su vuelo. Asimismo, se reconoci\u00f3 que este tipo de modificaciones pueden alterar sus planes y generar inconvenientes, por lo que se extendieron las m\u00e1s sinceras disculpas en el comunicado.<br>\u200e<br>\u200eCon informaci\u00f3n <strong><em>El Informador<\/em><\/strong><\/p>\n","protected":false},"excerpt":{"rendered":"<p>\u200eLa aerol\u00ednea venezolana Estelar inform\u00f3 este s\u00e1bado 5 de julio sobre la suspensi\u00f3n temporal de sus vuelos en la ruta Madrid-Caracas-Madrid durante todo el mes de julio.\u200e\u200eEn un comunicado oficial, la empresa detall\u00f3 que la medida se debe a \u00abmotivos operacionales relacionados con la compa\u00f1\u00eda arrendadora de las aeronaves utilizadas\u00bb.\u200e\u200eEn este sentido, expres\u00f3 sus disculpas [&hellip;]<\/p>\n","protected":false},"author":33,"featured_media":283177,"comment_status":"closed","ping_status":"closed","sticky":false,"template":"","format":"standard","meta":{"footnotes":""},"categories":[6],"tags":[614,607,1554,136],"class_list":{"0":"post-283176","1":"post","2":"type-post","3":"status-publish","4":"format-standard","5":"has-post-thumbnail","7":"category-economia","8":"tag-caracas","9":"tag-madrid","10":"tag-suspension","11":"tag-vuelos"},"_links":{"self":[{"href":"https:\/\/elluchador.info\/index.php?rest_route=\/wp\/v2\/posts\/283176","targetHints":{"allow":["GET"]}}],"collection":[{"href":"https:\/\/elluchador.info\/index.php?rest_route=\/wp\/v2\/posts"}],"about":[{"href":"https:\/\/elluchador.info\/index.php?rest_route=\/wp\/v2\/types\/post"}],"author":[{"embeddable":true,"href":"https:\/\/elluchador.info\/index.php?rest_route=\/wp\/v2\/users\/33"}],"replies":[{"embeddable":true,"href":"https:\/\/elluchador.info\/index.php?rest_route=%2Fwp%2Fv2%2Fcomments&post=283176"}],"version-history":[{"count":1,"href":"https:\/\/elluchador.info\/index.php?rest_route=\/wp\/v2\/posts\/283176\/revisions"}],"predecessor-version":[{"id":283178,"href":"https:\/\/elluchador.info\/index.php?rest_route=\/wp\/v2\/posts\/283176\/revisions\/283178"}],"wp:featuredmedia":[{"embeddable":true,"href":"https:\/\/elluchador.info\/index.php?rest_route=\/wp\/v2\/media\/283177"}],"wp:attachment":[{"href":"https:\/\/elluchador.info\/index.php?rest_route=%2Fwp%2Fv2%2Fmedia&parent=283176"}],"wp:term":[{"taxonomy":"category","embeddable":true,"href":"https:\/\/elluchador.info\/index.php?rest_route=%2Fwp%2Fv2%2Fcategories&post=283176"},{"taxonomy":"post_tag","embeddable":true,"href":"https:\/\/elluchador.info\/index.php?rest_route=%2Fwp%2Fv2%2Ftags&post=283176"}],"curies":[{"name":"wp","href":"https:\/\/api.w.org\/{rel}","templated":true}]}}