{"id":283179,"date":"2025-07-06T17:38:27","date_gmt":"2025-07-06T21:38:27","guid":{"rendered":"https:\/\/elluchador.info\/?p=283179"},"modified":"2025-07-06T21:05:15","modified_gmt":"2025-07-07T01:05:15","slug":"amazonas-171-familias-fueron-trasladadas-a-refugios-temporales-tras-crecida-del-rio-orinoco","status":"publish","type":"post","link":"https:\/\/elluchador.info\/?p=283179","title":{"rendered":"Amazonas: 171 familias fueron trasladadas a refugios temporales tras crecida del r\u00edo Orinoco"},"content":{"rendered":"\n<p>\u200eLas lluvias dejaron a 171 familias en refugios temporales ubicados en Puerto Ayacucho, estado Amazonas. As\u00ed lo inform\u00f3 el gobernador de la entidad, Miguel Rodr\u00edguez.<br>\u200e<br>\u200eLos afectados sufrieron las p\u00e9rdidas luego de la crecida del r\u00edo Orinoco, que se encuentra a 52,83 metros sobre el nivel del mar, 83 cent\u00edmetros por el par\u00e1metro de desborde. <\/p>\n\n\n\n<figure class=\"wp-block-gallery has-nested-images columns-default is-cropped wp-block-gallery-1 is-layout-flex wp-block-gallery-is-layout-flex\">\n<figure class=\"wp-block-image size-large\"><img loading=\"lazy\" decoding=\"async\" width=\"744\" height=\"992\" data-id=\"283180\" src=\"https:\/\/elluchador.info\/wp-content\/uploads\/2025\/07\/FB_IMG_1751837409445.jpg\" alt=\"\" class=\"wp-image-283180\" srcset=\"https:\/\/elluchador.info\/wp-content\/uploads\/2025\/07\/FB_IMG_1751837409445.jpg 744w, https:\/\/elluchador.info\/wp-content\/uploads\/2025\/07\/FB_IMG_1751837409445-225x300.jpg 225w, https:\/\/elluchador.info\/wp-content\/uploads\/2025\/07\/FB_IMG_1751837409445-150x200.jpg 150w, https:\/\/elluchador.info\/wp-content\/uploads\/2025\/07\/FB_IMG_1751837409445-300x400.jpg 300w, https:\/\/elluchador.info\/wp-content\/uploads\/2025\/07\/FB_IMG_1751837409445-696x928.jpg 696w\" sizes=\"auto, (max-width: 744px) 100vw, 744px\" \/><\/figure>\n\n\n\n<figure class=\"wp-block-image size-large\"><img loading=\"lazy\" decoding=\"async\" width=\"992\" height=\"744\" data-id=\"283181\" src=\"https:\/\/elluchador.info\/wp-content\/uploads\/2025\/07\/FB_IMG_1751837422557.jpg\" alt=\"\" class=\"wp-image-283181\" srcset=\"https:\/\/elluchador.info\/wp-content\/uploads\/2025\/07\/FB_IMG_1751837422557.jpg 992w, https:\/\/elluchador.info\/wp-content\/uploads\/2025\/07\/FB_IMG_1751837422557-300x225.jpg 300w, https:\/\/elluchador.info\/wp-content\/uploads\/2025\/07\/FB_IMG_1751837422557-768x576.jpg 768w, https:\/\/elluchador.info\/wp-content\/uploads\/2025\/07\/FB_IMG_1751837422557-150x113.jpg 150w, https:\/\/elluchador.info\/wp-content\/uploads\/2025\/07\/FB_IMG_1751837422557-696x522.jpg 696w\" sizes=\"auto, (max-width: 992px) 100vw, 992px\" \/><\/figure>\n<\/figure>\n\n\n\n<p>\u200eEl mandatario destac\u00f3 que el Estado Mayor de Lluvias se encuentra atento a las riveras del r\u00edo, ya que las precipitaciones todav\u00eda no cesan en la entidad. <\/p>\n\n\n\n<figure class=\"wp-block-gallery has-nested-images columns-default is-cropped wp-block-gallery-2 is-layout-flex wp-block-gallery-is-layout-flex\">\n<figure class=\"wp-block-image size-large\"><img loading=\"lazy\" decoding=\"async\" width=\"1020\" height=\"768\" data-id=\"283182\" src=\"https:\/\/elluchador.info\/wp-content\/uploads\/2025\/07\/FB_IMG_1751837394631.jpg\" alt=\"\" class=\"wp-image-283182\" srcset=\"https:\/\/elluchador.info\/wp-content\/uploads\/2025\/07\/FB_IMG_1751837394631.jpg 1020w, https:\/\/elluchador.info\/wp-content\/uploads\/2025\/07\/FB_IMG_1751837394631-300x226.jpg 300w, https:\/\/elluchador.info\/wp-content\/uploads\/2025\/07\/FB_IMG_1751837394631-768x578.jpg 768w, https:\/\/elluchador.info\/wp-content\/uploads\/2025\/07\/FB_IMG_1751837394631-150x113.jpg 150w, https:\/\/elluchador.info\/wp-content\/uploads\/2025\/07\/FB_IMG_1751837394631-696x524.jpg 696w\" sizes=\"auto, (max-width: 1020px) 100vw, 1020px\" \/><\/figure>\n\n\n\n<figure class=\"wp-block-image size-large\"><img loading=\"lazy\" decoding=\"async\" width=\"744\" height=\"992\" data-id=\"283183\" src=\"https:\/\/elluchador.info\/wp-content\/uploads\/2025\/07\/FB_IMG_1751837402514.jpg\" alt=\"\" class=\"wp-image-283183\" srcset=\"https:\/\/elluchador.info\/wp-content\/uploads\/2025\/07\/FB_IMG_1751837402514.jpg 744w, https:\/\/elluchador.info\/wp-content\/uploads\/2025\/07\/FB_IMG_1751837402514-225x300.jpg 225w, https:\/\/elluchador.info\/wp-content\/uploads\/2025\/07\/FB_IMG_1751837402514-150x200.jpg 150w, https:\/\/elluchador.info\/wp-content\/uploads\/2025\/07\/FB_IMG_1751837402514-300x400.jpg 300w, https:\/\/elluchador.info\/wp-content\/uploads\/2025\/07\/FB_IMG_1751837402514-696x928.jpg 696w\" sizes=\"auto, (max-width: 744px) 100vw, 744px\" \/><\/figure>\n<\/figure>\n\n\n\n<p>\u200eEl Paso de la Chalana en Puerto Nuevo, conocido como el Burro, contin\u00faa operativo pese a las adversidades. El agua cubri\u00f3 gran parte de la zona y se encuentran recibiendo ayuda de los organismos de seguridad competentes.<br>\u200e<br>\u200eCon informaci\u00f3n \u00daR<\/p>\n","protected":false},"excerpt":{"rendered":"<p>\u200eLas lluvias dejaron a 171 familias en refugios temporales ubicados en Puerto Ayacucho, estado Amazonas. As\u00ed lo inform\u00f3 el gobernador de la entidad, Miguel Rodr\u00edguez.\u200e\u200eLos afectados sufrieron las p\u00e9rdidas luego de la crecida del r\u00edo Orinoco, que se encuentra a 52,83 metros sobre el nivel del mar, 83 cent\u00edmetros por el par\u00e1metro de desborde. \u200eEl [&hellip;]<\/p>\n","protected":false},"author":33,"featured_media":283184,"comment_status":"closed","ping_status":"closed","sticky":false,"template":"","format":"standard","meta":{"footnotes":""},"categories":[5,9],"tags":[4560,4411,4559,105],"class_list":{"0":"post-283179","1":"post","2":"type-post","3":"status-publish","4":"format-standard","5":"has-post-thumbnail","7":"category-destacado","8":"category-nacionales","9":"tag-crecidas","10":"tag-refugio","11":"tag-rio-orinoco-2","12":"tag-venezuela"},"_links":{"self":[{"href":"https:\/\/elluchador.info\/index.php?rest_route=\/wp\/v2\/posts\/283179","targetHints":{"allow":["GET"]}}],"collection":[{"href":"https:\/\/elluchador.info\/index.php?rest_route=\/wp\/v2\/posts"}],"about":[{"href":"https:\/\/elluchador.info\/index.php?rest_route=\/wp\/v2\/types\/post"}],"author":[{"embeddable":true,"href":"https:\/\/elluchador.info\/index.php?rest_route=\/wp\/v2\/users\/33"}],"replies":[{"embeddable":true,"href":"https:\/\/elluchador.info\/index.php?rest_route=%2Fwp%2Fv2%2Fcomments&post=283179"}],"version-history":[{"count":1,"href":"https:\/\/elluchador.info\/index.php?rest_route=\/wp\/v2\/posts\/283179\/revisions"}],"predecessor-version":[{"id":283185,"href":"https:\/\/elluchador.info\/index.php?rest_route=\/wp\/v2\/posts\/283179\/revisions\/283185"}],"wp:featuredmedia":[{"embeddable":true,"href":"https:\/\/elluchador.info\/index.php?rest_route=\/wp\/v2\/media\/283184"}],"wp:attachment":[{"href":"https:\/\/elluchador.info\/index.php?rest_route=%2Fwp%2Fv2%2Fmedia&parent=283179"}],"wp:term":[{"taxonomy":"category","embeddable":true,"href":"https:\/\/elluchador.info\/index.php?rest_route=%2Fwp%2Fv2%2Fcategories&post=283179"},{"taxonomy":"post_tag","embeddable":true,"href":"https:\/\/elluchador.info\/index.php?rest_route=%2Fwp%2Fv2%2Ftags&post=283179"}],"curies":[{"name":"wp","href":"https:\/\/api.w.org\/{rel}","templated":true}]}}