{"id":283287,"date":"2025-07-07T20:21:30","date_gmt":"2025-07-08T00:21:30","guid":{"rendered":"https:\/\/elluchador.info\/?p=283287"},"modified":"2025-07-07T20:21:34","modified_gmt":"2025-07-08T00:21:34","slug":"onda-tropical-n14-se-ubica-en-la-guayana-esequiba","status":"publish","type":"post","link":"https:\/\/elluchador.info\/?p=283287","title":{"rendered":"Onda tropical N\u00b014 se ubica en la Guayana Esequiba"},"content":{"rendered":"\n<p>\u200eEl Instituto Nacional de Meteorolog\u00eda e Hidrolog\u00eda (Inameh), inform\u00f3 este lunes que la onda tropical n\u00famero 14, se ubica en la Guayana Esequiba, interactuando con la Zona de Convergencia Intertropical, condiciones que son reforzadas por divergencia del viento en la altura, originando zonas nubladas con precipitaciones, m\u00e1s intensas y frecuentes en la regi\u00f3n sur, nororiente, llanos occidentales\/centrales, andes y zulia.<br>\u200e<br>\u200eSe estima que durante la noche y madrugada de este martes 8 de julio, se desarrolle mantos nubosos, acompa\u00f1ado de lluvias o chubascos y actividad el\u00e9ctrica eventual en Guayana Esequiba, Amazonas, Bol\u00edvar, Nororiente, Nueva Esparta, Delta Amacuro, Llanos Centrales, Occidentales, los Andes y Zulia.<\/p>\n","protected":false},"excerpt":{"rendered":"<p>\u200eEl Instituto Nacional de Meteorolog\u00eda e Hidrolog\u00eda (Inameh), inform\u00f3 este lunes que la onda tropical n\u00famero 14, se ubica en la Guayana Esequiba, interactuando con la Zona de Convergencia Intertropical, condiciones que son reforzadas por divergencia del viento en la altura, originando zonas nubladas con precipitaciones, m\u00e1s intensas y frecuentes en la regi\u00f3n sur, nororiente, [&hellip;]<\/p>\n","protected":false},"author":33,"featured_media":283288,"comment_status":"closed","ping_status":"closed","sticky":false,"template":"","format":"standard","meta":{"footnotes":""},"categories":[5,9],"tags":[3754,105],"class_list":{"0":"post-283287","1":"post","2":"type-post","3":"status-publish","4":"format-standard","5":"has-post-thumbnail","7":"category-destacado","8":"category-nacionales","9":"tag-ondas-tropicales","10":"tag-venezuela"},"_links":{"self":[{"href":"https:\/\/elluchador.info\/index.php?rest_route=\/wp\/v2\/posts\/283287","targetHints":{"allow":["GET"]}}],"collection":[{"href":"https:\/\/elluchador.info\/index.php?rest_route=\/wp\/v2\/posts"}],"about":[{"href":"https:\/\/elluchador.info\/index.php?rest_route=\/wp\/v2\/types\/post"}],"author":[{"embeddable":true,"href":"https:\/\/elluchador.info\/index.php?rest_route=\/wp\/v2\/users\/33"}],"replies":[{"embeddable":true,"href":"https:\/\/elluchador.info\/index.php?rest_route=%2Fwp%2Fv2%2Fcomments&post=283287"}],"version-history":[{"count":1,"href":"https:\/\/elluchador.info\/index.php?rest_route=\/wp\/v2\/posts\/283287\/revisions"}],"predecessor-version":[{"id":283289,"href":"https:\/\/elluchador.info\/index.php?rest_route=\/wp\/v2\/posts\/283287\/revisions\/283289"}],"wp:featuredmedia":[{"embeddable":true,"href":"https:\/\/elluchador.info\/index.php?rest_route=\/wp\/v2\/media\/283288"}],"wp:attachment":[{"href":"https:\/\/elluchador.info\/index.php?rest_route=%2Fwp%2Fv2%2Fmedia&parent=283287"}],"wp:term":[{"taxonomy":"category","embeddable":true,"href":"https:\/\/elluchador.info\/index.php?rest_route=%2Fwp%2Fv2%2Fcategories&post=283287"},{"taxonomy":"post_tag","embeddable":true,"href":"https:\/\/elluchador.info\/index.php?rest_route=%2Fwp%2Fv2%2Ftags&post=283287"}],"curies":[{"name":"wp","href":"https:\/\/api.w.org\/{rel}","templated":true}]}}