{"id":283337,"date":"2025-07-08T13:44:26","date_gmt":"2025-07-08T17:44:26","guid":{"rendered":"https:\/\/elluchador.info\/?p=283337"},"modified":"2025-07-08T13:44:29","modified_gmt":"2025-07-08T17:44:29","slug":"pueblo-de-upata-celebro-263-anos-de-su-fundacion","status":"publish","type":"post","link":"https:\/\/elluchador.info\/?p=283337","title":{"rendered":"Pueblo de Upata celebr\u00f3 263 a\u00f1os de su fundaci\u00f3n\u00a0"},"content":{"rendered":"\n<p>Upata, tierra rodeada de imponentes cuencas h\u00eddricas como Orinoco y Cuyun\u00ed, cuyos afluentes transforman un suelo rico en minerales para una producci\u00f3n agropecuaria de calidad.<\/p>\n\n\n\n<p>Alberga a lugare\u00f1os llenos de sue\u00f1os, y arrib\u00f3 a sus 263 a\u00f1os de fundaci\u00f3n. En el marco de esta celebraci\u00f3n, la gobernadora del estado Bol\u00edvar, Yulisbeth Garc\u00eda, fue designada como hija ilustre de Upata.<\/p>\n\n\n\n<p>Con la izada de la bandera en la Plaza Bol\u00edvar de la conocida Villa del Yocoima, iniciaron los actos protocolares, seguido con una misa de acci\u00f3n de gracias en la iglesia San Antonio de Padua. En horas de la tarde, se realiz\u00f3 una Sesi\u00f3n Especial Conjunta del Consejo Legislativo del Estado Bol\u00edvar (CLEB) y del Concejo Bolivariano del municipio Piar.<\/p>\n\n\n<div class=\"wp-block-image\">\n<figure class=\"aligncenter size-large is-resized\"><img loading=\"lazy\" decoding=\"async\" width=\"1024\" height=\"682\" src=\"https:\/\/elluchador.info\/wp-content\/uploads\/2025\/07\/2-Aniversario-Upata-1024x682.jpg\" alt=\"\" class=\"wp-image-283338\" style=\"width:680px;height:auto\" srcset=\"https:\/\/elluchador.info\/wp-content\/uploads\/2025\/07\/2-Aniversario-Upata-1024x682.jpg 1024w, https:\/\/elluchador.info\/wp-content\/uploads\/2025\/07\/2-Aniversario-Upata-300x200.jpg 300w, https:\/\/elluchador.info\/wp-content\/uploads\/2025\/07\/2-Aniversario-Upata-768x512.jpg 768w, https:\/\/elluchador.info\/wp-content\/uploads\/2025\/07\/2-Aniversario-Upata-1536x1024.jpg 1536w, https:\/\/elluchador.info\/wp-content\/uploads\/2025\/07\/2-Aniversario-Upata-2048x1365.jpg 2048w, https:\/\/elluchador.info\/wp-content\/uploads\/2025\/07\/2-Aniversario-Upata-150x100.jpg 150w, https:\/\/elluchador.info\/wp-content\/uploads\/2025\/07\/2-Aniversario-Upata-696x464.jpg 696w, https:\/\/elluchador.info\/wp-content\/uploads\/2025\/07\/2-Aniversario-Upata-1068x712.jpg 1068w, https:\/\/elluchador.info\/wp-content\/uploads\/2025\/07\/2-Aniversario-Upata-1920x1280.jpg 1920w\" sizes=\"auto, (max-width: 1024px) 100vw, 1024px\" \/><figcaption class=\"wp-element-caption\">Mandataria regional enalteci\u00f3 la lucha del pueblo upatense<\/figcaption><\/figure>\n<\/div>\n\n\n<p>La gobernadora Yulisbeth Garc\u00eda, estuvo acompa\u00f1ada a su llegada, del M\/G Wilfredo Medrano, comandante de la Regi\u00f3n Estrat\u00e9gica de Defensa Integral (REDI) Guayana, Gabinete Ejecutivo en pleno, candidatos del Gran Polo Patri\u00f3tico Sim\u00f3n Bol\u00edvar en los municipios Angostura del Orinoco, Caron\u00ed y Bolivariano Angostura; Sergio Hern\u00e1ndez, Yanny Alonzo, Nairobys Abreu, respectivamente.<\/p>\n\n\n<div class=\"wp-block-image\">\n<figure class=\"aligncenter size-large is-resized\"><img loading=\"lazy\" decoding=\"async\" width=\"1024\" height=\"684\" src=\"https:\/\/elluchador.info\/wp-content\/uploads\/2025\/07\/3-263-anos-Upata-1024x684.jpg\" alt=\"\" class=\"wp-image-283339\" style=\"width:680px;height:auto\" srcset=\"https:\/\/elluchador.info\/wp-content\/uploads\/2025\/07\/3-263-anos-Upata-1024x684.jpg 1024w, https:\/\/elluchador.info\/wp-content\/uploads\/2025\/07\/3-263-anos-Upata-300x200.jpg 300w, https:\/\/elluchador.info\/wp-content\/uploads\/2025\/07\/3-263-anos-Upata-768x513.jpg 768w, https:\/\/elluchador.info\/wp-content\/uploads\/2025\/07\/3-263-anos-Upata-1536x1026.jpg 1536w, https:\/\/elluchador.info\/wp-content\/uploads\/2025\/07\/3-263-anos-Upata-2048x1368.jpg 2048w, https:\/\/elluchador.info\/wp-content\/uploads\/2025\/07\/3-263-anos-Upata-150x100.jpg 150w, https:\/\/elluchador.info\/wp-content\/uploads\/2025\/07\/3-263-anos-Upata-696x465.jpg 696w, https:\/\/elluchador.info\/wp-content\/uploads\/2025\/07\/3-263-anos-Upata-1068x713.jpg 1068w, https:\/\/elluchador.info\/wp-content\/uploads\/2025\/07\/3-263-anos-Upata-1920x1283.jpg 1920w\" sizes=\"auto, (max-width: 1024px) 100vw, 1024px\" \/><figcaption class=\"wp-element-caption\">Garc\u00eda: Upata es una tierra de historias y de progreso<\/figcaption><\/figure>\n<\/div>\n\n\n<p>Tambi\u00e9n estuvieron presentes diputados a la Asamblea Nacional, al Consejo Legislativo del Estado Bol\u00edvar, autoridades civiles, militares, funcionarios de los distintos poderes y Poder Popular.<\/p>\n\n\n\n<p><strong><mark style=\"background-color:rgba(0, 0, 0, 0)\" class=\"has-inline-color has-vivid-red-color\">Yo amo a Upata<\/mark><\/strong><\/p>\n\n\n\n<p>La gobernadora del estado Bol\u00edvar, Yulisbeth Garc\u00eda, fue designada como oradora de orden y como hija ilustre de Upata. En su discurso, enfatiz\u00f3 las luchas por la transformaci\u00f3n de un pueblo de coraz\u00f3n noble, tomando como ejemplo los ideales del comandante Hugo Ch\u00e1vez, quien dio voz a un pueblo silenciado.<\/p>\n\n\n<div class=\"wp-block-image\">\n<figure class=\"alignleft size-large is-resized\"><img loading=\"lazy\" decoding=\"async\" width=\"1024\" height=\"684\" src=\"https:\/\/elluchador.info\/wp-content\/uploads\/2025\/07\/4-aniversario-Upata-1024x684.jpg\" alt=\"\" class=\"wp-image-283340\" style=\"width:529px;height:auto\" srcset=\"https:\/\/elluchador.info\/wp-content\/uploads\/2025\/07\/4-aniversario-Upata-1024x684.jpg 1024w, https:\/\/elluchador.info\/wp-content\/uploads\/2025\/07\/4-aniversario-Upata-300x200.jpg 300w, https:\/\/elluchador.info\/wp-content\/uploads\/2025\/07\/4-aniversario-Upata-768x513.jpg 768w, https:\/\/elluchador.info\/wp-content\/uploads\/2025\/07\/4-aniversario-Upata-1536x1026.jpg 1536w, https:\/\/elluchador.info\/wp-content\/uploads\/2025\/07\/4-aniversario-Upata-2048x1368.jpg 2048w, https:\/\/elluchador.info\/wp-content\/uploads\/2025\/07\/4-aniversario-Upata-150x100.jpg 150w, https:\/\/elluchador.info\/wp-content\/uploads\/2025\/07\/4-aniversario-Upata-696x465.jpg 696w, https:\/\/elluchador.info\/wp-content\/uploads\/2025\/07\/4-aniversario-Upata-1068x713.jpg 1068w, https:\/\/elluchador.info\/wp-content\/uploads\/2025\/07\/4-aniversario-Upata-1920x1283.jpg 1920w\" sizes=\"auto, (max-width: 1024px) 100vw, 1024px\" \/><\/figure>\n<\/div>\n\n\n<p>\u201cFue un d\u00eda especial para m\u00ed, viendo rostros de mi pueblo amado, con quienes hemos caminado juntos por la reivindicaci\u00f3n de cada ciudadano, mientras mi Dios Todopoderoso permita, seguir\u00e9 buscando las herramientas y estrategias para avanzar con firmeza hacia la transformaci\u00f3n del estado Bol\u00edvar, tierra de gracia y de potencia, no solo en lo econ\u00f3mico, sino en lo social, pol\u00edtico, tur\u00edstico, ecol\u00f3gico, deportivo y cultural\u201d.<\/p>\n\n\n\n<p>Garc\u00eda agradeci\u00f3 la confianza depositada por su pueblo, \u201ca mi gente, a las comunas, a nuestra madrina Delcy Rodr\u00edguez, al capit\u00e1n Diosdado Cabello, y especialmente al presidente Nicol\u00e1s Maduro. No dar\u00e9 descanso a mis brazos hasta lograr el Plan Estrat\u00e9gico de la Patria\u201d.<\/p>\n\n\n\n<p><strong><mark style=\"background-color:rgba(0, 0, 0, 0)\" class=\"has-inline-color has-luminous-vivid-orange-color\">Condecoraciones<\/mark><\/strong><\/p>\n\n\n\n<p>Durante la sesi\u00f3n especial conjunta se otorgaron condecoraciones con la Orden General en Jefe Manuel Piar, al secretario de<\/p>\n\n\n\n<p>Comunicaci\u00f3n e Informaci\u00f3n de la Gobernaci\u00f3n, Joan Guadeli, al director de Medios, Sa\u00fal Padr\u00f3n, quienes con \u00e9tica y profesionalismo se han destacado en la comunicaci\u00f3n del estado Bol\u00edvar.&nbsp;<\/p>\n\n\n\n<p>El reconocimiento se extendi\u00f3 a las comunas, por su labor social en el territorio y a su lucha incansable por el desarrollo y bienestar de las comunidades upatenses. Asimismo al M\/G Wilfredo Medrano, comandante de la REDI Guayana, representantes de instituciones p\u00fablicas, empresarios y gente trabajadora.&nbsp;<\/p>\n\n\n<div class=\"wp-block-image\">\n<figure class=\"aligncenter size-large is-resized\"><img loading=\"lazy\" decoding=\"async\" width=\"1024\" height=\"682\" src=\"https:\/\/elluchador.info\/wp-content\/uploads\/2025\/07\/6-aniversario--1024x682.jpg\" alt=\"\" class=\"wp-image-283341\" style=\"width:684px;height:auto\" srcset=\"https:\/\/elluchador.info\/wp-content\/uploads\/2025\/07\/6-aniversario--1024x682.jpg 1024w, https:\/\/elluchador.info\/wp-content\/uploads\/2025\/07\/6-aniversario--300x200.jpg 300w, https:\/\/elluchador.info\/wp-content\/uploads\/2025\/07\/6-aniversario--768x512.jpg 768w, https:\/\/elluchador.info\/wp-content\/uploads\/2025\/07\/6-aniversario--1536x1024.jpg 1536w, https:\/\/elluchador.info\/wp-content\/uploads\/2025\/07\/6-aniversario--2048x1365.jpg 2048w, https:\/\/elluchador.info\/wp-content\/uploads\/2025\/07\/6-aniversario--150x100.jpg 150w, https:\/\/elluchador.info\/wp-content\/uploads\/2025\/07\/6-aniversario--696x464.jpg 696w, https:\/\/elluchador.info\/wp-content\/uploads\/2025\/07\/6-aniversario--1068x712.jpg 1068w, https:\/\/elluchador.info\/wp-content\/uploads\/2025\/07\/6-aniversario--1920x1280.jpg 1920w\" sizes=\"auto, (max-width: 1024px) 100vw, 1024px\" \/><\/figure>\n<\/div>\n\n\n<p>Dentro de la programaci\u00f3n estuvo presente la Orquesta Sinf\u00f3nica y Juvenil del municipio Piar, as\u00ed como el Ballet Carlos Manuel Piar, resaltando el acervo cultural.\u00a0 Junto con el pueblo de Upata, autoridades cantaron feliz cumplea\u00f1os 263 a la Villa del Yocoima, con la presentaci\u00f3n de Vitico Castillo y Wilmer Tovar. <\/p>\n\n\n\n<p>La gobernadora Yulisbeth Garc\u00eda inaugur\u00f3 el Boulevard Yo amo a Upata, cerca de la Plaza Bol\u00edvar, un espacio embellecimiento por la Revoluci\u00f3n Bolivariana para toda la familia.<\/p>\n\n\n\n<p><strong><mark style=\"background-color:rgba(0, 0, 0, 0)\" class=\"has-inline-color has-luminous-vivid-orange-color\">Prensa Gobernaci\u00f3n de Bol\u00edvar<\/mark><\/strong><\/p>\n","protected":false},"excerpt":{"rendered":"<p>Upata, tierra rodeada de imponentes cuencas h\u00eddricas como Orinoco y Cuyun\u00ed, cuyos afluentes transforman un suelo rico en minerales para una producci\u00f3n agropecuaria de calidad. Alberga a lugare\u00f1os llenos de sue\u00f1os, y arrib\u00f3 a sus 263 a\u00f1os de fundaci\u00f3n. En el marco de esta celebraci\u00f3n, la gobernadora del estado Bol\u00edvar, Yulisbeth Garc\u00eda, fue designada como [&hellip;]<\/p>\n","protected":false},"author":33,"featured_media":283342,"comment_status":"closed","ping_status":"closed","sticky":false,"template":"","format":"standard","meta":{"footnotes":""},"categories":[5,12],"tags":[185,31],"class_list":{"0":"post-283337","1":"post","2":"type-post","3":"status-publish","4":"format-standard","5":"has-post-thumbnail","7":"category-destacado","8":"category-regionales","9":"tag-bolivar","10":"tag-upata"},"_links":{"self":[{"href":"https:\/\/elluchador.info\/index.php?rest_route=\/wp\/v2\/posts\/283337","targetHints":{"allow":["GET"]}}],"collection":[{"href":"https:\/\/elluchador.info\/index.php?rest_route=\/wp\/v2\/posts"}],"about":[{"href":"https:\/\/elluchador.info\/index.php?rest_route=\/wp\/v2\/types\/post"}],"author":[{"embeddable":true,"href":"https:\/\/elluchador.info\/index.php?rest_route=\/wp\/v2\/users\/33"}],"replies":[{"embeddable":true,"href":"https:\/\/elluchador.info\/index.php?rest_route=%2Fwp%2Fv2%2Fcomments&post=283337"}],"version-history":[{"count":1,"href":"https:\/\/elluchador.info\/index.php?rest_route=\/wp\/v2\/posts\/283337\/revisions"}],"predecessor-version":[{"id":283343,"href":"https:\/\/elluchador.info\/index.php?rest_route=\/wp\/v2\/posts\/283337\/revisions\/283343"}],"wp:featuredmedia":[{"embeddable":true,"href":"https:\/\/elluchador.info\/index.php?rest_route=\/wp\/v2\/media\/283342"}],"wp:attachment":[{"href":"https:\/\/elluchador.info\/index.php?rest_route=%2Fwp%2Fv2%2Fmedia&parent=283337"}],"wp:term":[{"taxonomy":"category","embeddable":true,"href":"https:\/\/elluchador.info\/index.php?rest_route=%2Fwp%2Fv2%2Fcategories&post=283337"},{"taxonomy":"post_tag","embeddable":true,"href":"https:\/\/elluchador.info\/index.php?rest_route=%2Fwp%2Fv2%2Ftags&post=283337"}],"curies":[{"name":"wp","href":"https:\/\/api.w.org\/{rel}","templated":true}]}}