{"id":283344,"date":"2025-07-08T13:50:15","date_gmt":"2025-07-08T17:50:15","guid":{"rendered":"https:\/\/elluchador.info\/?p=283344"},"modified":"2025-07-08T13:50:19","modified_gmt":"2025-07-08T17:50:19","slug":"arranco-plan-integral-de-embellecimiento-en-el-municipio-caroni","status":"publish","type":"post","link":"https:\/\/elluchador.info\/?p=283344","title":{"rendered":"Arranc\u00f3 Plan Integral de Embellecimiento en el municipio Caron\u00ed"},"content":{"rendered":"\n<p>Con personal de cuadrillas distribuidas en varios frentes de trabajo, el Gobierno Bolivariano avanza a paso firme por amor a Bol\u00edvar, acometiendo mejoras en materia de infraestructura para brindarle al pueblo la mayor suma de felicidad posible.<\/p>\n\n\n\n<p>A trav\u00e9s de ConstruBol\u00edvar y en fusi\u00f3n perfecta con instituciones del Estado, la gobernadora Yulisbeth Garc\u00eda orient\u00f3 el inicio del Plan Integral de Embellecimiento en el municipio Caron\u00ed, espec\u00edficamente en la Plaza Monumental de Alta Vista, donde se lleva a cabo el desmalezamiento de \u00e1reas verdes, barrido, poda controlada de \u00e1rboles, recolecci\u00f3n y disposici\u00f3n final de desechos.<\/p>\n\n\n<div class=\"wp-block-image\">\n<figure class=\"alignleft size-full is-resized\"><img loading=\"lazy\" decoding=\"async\" width=\"960\" height=\"540\" src=\"https:\/\/elluchador.info\/wp-content\/uploads\/2025\/07\/4-Plan-de-Embellecimiento-.jpg\" alt=\"\" class=\"wp-image-283345\" style=\"width:584px;height:auto\" srcset=\"https:\/\/elluchador.info\/wp-content\/uploads\/2025\/07\/4-Plan-de-Embellecimiento-.jpg 960w, https:\/\/elluchador.info\/wp-content\/uploads\/2025\/07\/4-Plan-de-Embellecimiento--300x169.jpg 300w, https:\/\/elluchador.info\/wp-content\/uploads\/2025\/07\/4-Plan-de-Embellecimiento--768x432.jpg 768w, https:\/\/elluchador.info\/wp-content\/uploads\/2025\/07\/4-Plan-de-Embellecimiento--150x84.jpg 150w, https:\/\/elluchador.info\/wp-content\/uploads\/2025\/07\/4-Plan-de-Embellecimiento--696x392.jpg 696w\" sizes=\"auto, (max-width: 960px) 100vw, 960px\" \/><figcaption class=\"wp-element-caption\">ConstruBol\u00edvar junto con instituciones realizan abordaje integral en avenida Atl\u00e1ntico<\/figcaption><\/figure>\n<\/div>\n\n\n<p>Otro frente atendido es la avenida Atl\u00e1ntico, tambi\u00e9n en Caron\u00ed, donde un equipo multidisciplinario conformado por ConstruBol\u00edvar, Secretar\u00eda de Mantenimiento y Servicios Generales, Ministerio de Obras P\u00fablicas, Barrio Nuevo Barrio Tricolor y el respaldo del candidato a la Alcald\u00eda por el Gran Polo Patri\u00f3tico Sim\u00f3n Bol\u00edvar, Yanny Alonzo, llevan a cabo un abordaje integral en esta importante arteria vial.<\/p>\n\n\n\n<p>Trabajos similares tienen se ejecutan en la avenida Caracas, con el respectivo desmalezamiento, barrido, poda controlada de \u00e1rboles, recolecci\u00f3n y disposici\u00f3n final de desechos, todo enmarcado en la Agenda Concreta de Acci\u00f3n impulsada en Bol\u00edvar por la gobernadora Yulisbeth Garc\u00eda.<\/p>\n\n\n\n<p><strong>Radio de acci\u00f3n ampliado<\/strong><\/p>\n\n\n\n<p>Equipos del Ministerio de Obras P\u00fablicas, ConstruBol\u00edvar e HidroBol\u00edvar, avanzan en la rehabilitaci\u00f3n de la alcantarilla en la carretera hacia la poblaci\u00f3n de El Pao, en Caron\u00ed; donde se sustituy\u00f3 la tuber\u00eda colapsada por una falla de borde, con la colocaci\u00f3n de tres tubos de concreto de 36 pulgadas, empleando maquinaria pesada como una retroexcavadora, una excavadora de oruga y camiones de carga.&nbsp;<\/p>\n\n\n<div class=\"wp-block-image\">\n<figure class=\"aligncenter size-full is-resized\"><img loading=\"lazy\" decoding=\"async\" width=\"960\" height=\"540\" src=\"https:\/\/elluchador.info\/wp-content\/uploads\/2025\/07\/3-Plan-de-Embellecimiento-.jpg\" alt=\"\" class=\"wp-image-283346\" style=\"width:672px;height:auto\" srcset=\"https:\/\/elluchador.info\/wp-content\/uploads\/2025\/07\/3-Plan-de-Embellecimiento-.jpg 960w, https:\/\/elluchador.info\/wp-content\/uploads\/2025\/07\/3-Plan-de-Embellecimiento--300x169.jpg 300w, https:\/\/elluchador.info\/wp-content\/uploads\/2025\/07\/3-Plan-de-Embellecimiento--768x432.jpg 768w, https:\/\/elluchador.info\/wp-content\/uploads\/2025\/07\/3-Plan-de-Embellecimiento--150x84.jpg 150w, https:\/\/elluchador.info\/wp-content\/uploads\/2025\/07\/3-Plan-de-Embellecimiento--696x392.jpg 696w\" sizes=\"auto, (max-width: 960px) 100vw, 960px\" \/><figcaption class=\"wp-element-caption\">Avenida Atl\u00e1ntico es otra de las arterias viales revitalizadas por el Plan Integral de Embellecimiento<\/figcaption><\/figure>\n<\/div>\n\n\n<p>En la v\u00eda Upata &#8211; El Manteco, municipio Piar, ya inici\u00f3 la demarcaci\u00f3n vial, como parte del plan de asfaltado que impulsa el Gobierno Bolivariano de Nicol\u00e1s Maduro; labores desarrolladas en sinergia con el Ministerio de Obras P\u00fablicas, ConstruBol\u00edvar y el acompa\u00f1amiento de la candidata a la Alcald\u00eda por el Gran Polo Patri\u00f3tico Sim\u00f3n Bol\u00edvar, Ornella Arbel\u00e1ez.<\/p>\n\n\n\n<p>\u201cObras son amores para un pueblo trabajador como Bol\u00edvar, continuamos transformando con hechos y construyendo futuro de la mano del Presidente de la Rep\u00fablica, de nuestra madrina, Delcy Rodr\u00edguez, y en perfecta fusi\u00f3n con nuestros candidatos de la patria\u201d, afirm\u00f3 la gobernadora Yulisbeth Garc\u00eda. Prensa Gobernaci\u00f3n de Bol\u00edvar.<\/p>\n\n\n\n<p><strong><mark style=\"background-color:rgba(0, 0, 0, 0)\" class=\"has-inline-color has-luminous-vivid-orange-color\">Prensa Gobernaci\u00f3n de Bol\u00edvar<\/mark><\/strong><\/p>\n","protected":false},"excerpt":{"rendered":"<p>Con personal de cuadrillas distribuidas en varios frentes de trabajo, el Gobierno Bolivariano avanza a paso firme por amor a Bol\u00edvar, acometiendo mejoras en materia de infraestructura para brindarle al pueblo la mayor suma de felicidad posible. A trav\u00e9s de ConstruBol\u00edvar y en fusi\u00f3n perfecta con instituciones del Estado, la gobernadora Yulisbeth Garc\u00eda orient\u00f3 el [&hellip;]<\/p>\n","protected":false},"author":33,"featured_media":283347,"comment_status":"closed","ping_status":"closed","sticky":false,"template":"","format":"standard","meta":{"footnotes":""},"categories":[12],"tags":[1178,4109,308],"class_list":{"0":"post-283344","1":"post","2":"type-post","3":"status-publish","4":"format-standard","5":"has-post-thumbnail","7":"category-regionales","8":"tag-ciudad-guayana","9":"tag-jornadas","10":"tag-limpieza"},"_links":{"self":[{"href":"https:\/\/elluchador.info\/index.php?rest_route=\/wp\/v2\/posts\/283344","targetHints":{"allow":["GET"]}}],"collection":[{"href":"https:\/\/elluchador.info\/index.php?rest_route=\/wp\/v2\/posts"}],"about":[{"href":"https:\/\/elluchador.info\/index.php?rest_route=\/wp\/v2\/types\/post"}],"author":[{"embeddable":true,"href":"https:\/\/elluchador.info\/index.php?rest_route=\/wp\/v2\/users\/33"}],"replies":[{"embeddable":true,"href":"https:\/\/elluchador.info\/index.php?rest_route=%2Fwp%2Fv2%2Fcomments&post=283344"}],"version-history":[{"count":1,"href":"https:\/\/elluchador.info\/index.php?rest_route=\/wp\/v2\/posts\/283344\/revisions"}],"predecessor-version":[{"id":283348,"href":"https:\/\/elluchador.info\/index.php?rest_route=\/wp\/v2\/posts\/283344\/revisions\/283348"}],"wp:featuredmedia":[{"embeddable":true,"href":"https:\/\/elluchador.info\/index.php?rest_route=\/wp\/v2\/media\/283347"}],"wp:attachment":[{"href":"https:\/\/elluchador.info\/index.php?rest_route=%2Fwp%2Fv2%2Fmedia&parent=283344"}],"wp:term":[{"taxonomy":"category","embeddable":true,"href":"https:\/\/elluchador.info\/index.php?rest_route=%2Fwp%2Fv2%2Fcategories&post=283344"},{"taxonomy":"post_tag","embeddable":true,"href":"https:\/\/elluchador.info\/index.php?rest_route=%2Fwp%2Fv2%2Ftags&post=283344"}],"curies":[{"name":"wp","href":"https:\/\/api.w.org\/{rel}","templated":true}]}}