{"id":283429,"date":"2025-07-09T10:38:21","date_gmt":"2025-07-09T14:38:21","guid":{"rendered":"https:\/\/elluchador.info\/?p=283429"},"modified":"2025-07-09T10:38:28","modified_gmt":"2025-07-09T14:38:28","slug":"por-que-este-9-julio-sera-uno-de-los-dias-mas-cortos-en-la-historia-de-la-tierra","status":"publish","type":"post","link":"https:\/\/elluchador.info\/?p=283429","title":{"rendered":"Por qu\u00e9 este 9 julio ser\u00e1 uno de los d\u00edas m\u00e1s cortos en la historia de la Tierra"},"content":{"rendered":"\n<p><em>\u00bfConoces esa sensaci\u00f3n generalizada de que un d\u00eda no es suficiente para resolver todos los problemas que nos esperan?<\/em> Pues bien, debes saber que este <em><strong>mi\u00e9rcoles 9 de julio<\/strong><\/em> esa idea podr\u00eda volverse parcialmente cierta. Esto se debe a que existe una alta probabilidad de que este sea uno de los d\u00edas m\u00e1s cortos en la historia de nuestro planeta.<\/p>\n\n\n\n<p>Aunque ning\u00fan cient\u00edfico sabe con exactitud qu\u00e9 hay detr\u00e1s de este fen\u00f3meno, estudios recientes revelan que la rotaci\u00f3n de la Tierra \u2014el movimiento que realiza sobre su propio eje\u2014 parece haberse acelerado en los \u00faltimos cinco a\u00f1os. Pero tranquilos: el cambio es tan sutil que no es necesario realizar ning\u00fan ajuste en las manecillas del reloj, aunque algunos equipos m\u00e1s sensibles (como sat\u00e9lites o GPS) pueden requerir ajustes t\u00e9cnicos.<\/p>\n\n\n\n<p><strong>Rotaci\u00f3n acelerada<\/strong><\/p>\n\n\n\n<p>La advertencia fue emitida por el astrof\u00edsico Graham Jones, del sitio web timeandate.com, quien hace mediciones precisas del tiempo con herramientas avanzadas. En una publicaci\u00f3n, el experto explica que la rotaci\u00f3n completa de la Tierra dura exactamente 86.400 segundos, el equivalente a 24 horas. Sin embargo, desde 2020 el planeta parece tener prisa.<\/p>\n\n\n\n<p>Durante el verano en el hemisferio norte y el invierno en el hemisferio sur, la Tierra complet\u00f3 su rotaci\u00f3n unos milisegundos m\u00e1s r\u00e1pido de lo esperado. Para poner esto en perspectiva, un milisegundo es muy peque\u00f1o, equivale a 0,001 segundos. Un parpadeo dura 100 milisegundos. Y el aleteo de una abeja dura unos 5 milisegundos.<\/p>\n\n\n\n<p>Pero volvamos al tema actual: seg\u00fan Graham, antes de 2020, el d\u00eda m\u00e1s corto que haya sido registrado por relojes at\u00f3micos, que miden el tiempo con gran precisi\u00f3n, fue de -1,05 milisegundos. En la pr\u00e1ctica, esto significa que la rotaci\u00f3n completa sobre su eje se complet\u00f3 momentos antes de que el reloj marcara los 86.400 segundos.<\/p>\n\n\n\n<p>Y esto estuvo ocurriendo con frecuencia \u00faltimamente: en los \u00faltimos a\u00f1os, este acortamiento del d\u00eda se produjo todos los a\u00f1os. Se registr\u00f3 un r\u00e9cord de -1,66 milisegundos el 5 de julio de 2024, as\u00ed como -1,47 el 9 de julio de 2021, -1,59 el 30 de junio de 2022 y -1,31 el 16 de junio de 2023. Los expertos proyectan que esta \u201cp\u00e9rdida de tiempo\u201d probablemente se repetir\u00e1 en 2025.<\/p>\n\n\n\n<p>Seg\u00fan Jones, esto podr\u00eda ocurrir en tres fechas espec\u00edficas en las pr\u00f3ximas semanas: este 9 de julio, el 22 de julio y el 5 de agosto. En estos d\u00edas, la Luna est\u00e1 m\u00e1s alejada del ecuador y ejerce menos influencia gravitacional. Y la predicci\u00f3n es que la rotaci\u00f3n se completar\u00e1 entre -1,30 a -1,51 milisegundos en estas fechas estipuladas.<\/p>\n\n\n\n<p><strong>\u00bfPor qu\u00e9 ocurre esto?<\/strong><\/p>\n\n\n\n<p><em>\u00bfC\u00f3mo se explica esta \u201caceleraci\u00f3n\u201d de la Tierra?<\/em> Los cient\u00edficos a\u00fan no est\u00e1n completamente seguros. En un art\u00edculo escrito por Jones se citan algunas posibles explicaciones. \u201cLas variaciones a largo plazo en la velocidad de rotaci\u00f3n de la Tierra pueden verse afectadas por diversos factores, como los complejos movimientos del n\u00facleo, los oc\u00e9anos y la atm\u00f3sfera del planeta\u201d, escribe. <\/p>\n\n\n\n<p>El hecho de que solo hayamos tenido relojes at\u00f3micos capaces de realizar mediciones m\u00e1s precisas desde la d\u00e9cada de 1950 tambi\u00e9n dificulta la comprensi\u00f3n de esta din\u00e1mica a largo plazo.<\/p>\n\n\n\n<p>En el mismo art\u00edculo, el investigador Leonid Zotov, considerado una autoridad mundial en los movimientos de rotaci\u00f3n de la Tierra, admite que&nbsp;<strong>nadie esperaba un fen\u00f3meno as\u00ed<\/strong>. \u201cLa mayor\u00eda de los cient\u00edficos cree que esto tiene algo que ver con el interior del planeta. Los modelos oceanogr\u00e1ficos y atmosf\u00e9ricos no son suficientes para explicar esta aceleraci\u00f3n masiva\u201d, se\u00f1ala el experto, que trabaja en la Universidad Estatal de Mosc\u00fa, Rusia.<\/p>\n\n\n\n<p>Zotov proyecta que la tendencia para los pr\u00f3ximos a\u00f1os ser\u00e1 la reversi\u00f3n del fen\u00f3meno. Como resultado,&nbsp;<strong>el planeta que habitamos entrar\u00e1 en una fase de desaceleraci\u00f3n<\/strong>.<\/p>\n\n\n\n<p>Con informaci\u00f3n <strong>Agencias.-<\/strong><\/p>\n","protected":false},"excerpt":{"rendered":"<p>\u00bfConoces esa sensaci\u00f3n generalizada de que un d\u00eda no es suficiente para resolver todos los problemas que nos esperan? Pues bien, debes saber que este mi\u00e9rcoles 9 de julio esa idea podr\u00eda volverse parcialmente cierta. Esto se debe a que existe una alta probabilidad de que este sea uno de los d\u00edas m\u00e1s cortos en [&hellip;]<\/p>\n","protected":false},"author":33,"featured_media":283430,"comment_status":"closed","ping_status":"closed","sticky":false,"template":"","format":"standard","meta":{"footnotes":""},"categories":[3],"tags":[4573,2096],"class_list":{"0":"post-283429","1":"post","2":"type-post","3":"status-publish","4":"format-standard","5":"has-post-thumbnail","7":"category-curiosidades","8":"tag-corto","9":"tag-tierra"},"_links":{"self":[{"href":"https:\/\/elluchador.info\/index.php?rest_route=\/wp\/v2\/posts\/283429","targetHints":{"allow":["GET"]}}],"collection":[{"href":"https:\/\/elluchador.info\/index.php?rest_route=\/wp\/v2\/posts"}],"about":[{"href":"https:\/\/elluchador.info\/index.php?rest_route=\/wp\/v2\/types\/post"}],"author":[{"embeddable":true,"href":"https:\/\/elluchador.info\/index.php?rest_route=\/wp\/v2\/users\/33"}],"replies":[{"embeddable":true,"href":"https:\/\/elluchador.info\/index.php?rest_route=%2Fwp%2Fv2%2Fcomments&post=283429"}],"version-history":[{"count":1,"href":"https:\/\/elluchador.info\/index.php?rest_route=\/wp\/v2\/posts\/283429\/revisions"}],"predecessor-version":[{"id":283431,"href":"https:\/\/elluchador.info\/index.php?rest_route=\/wp\/v2\/posts\/283429\/revisions\/283431"}],"wp:featuredmedia":[{"embeddable":true,"href":"https:\/\/elluchador.info\/index.php?rest_route=\/wp\/v2\/media\/283430"}],"wp:attachment":[{"href":"https:\/\/elluchador.info\/index.php?rest_route=%2Fwp%2Fv2%2Fmedia&parent=283429"}],"wp:term":[{"taxonomy":"category","embeddable":true,"href":"https:\/\/elluchador.info\/index.php?rest_route=%2Fwp%2Fv2%2Fcategories&post=283429"},{"taxonomy":"post_tag","embeddable":true,"href":"https:\/\/elluchador.info\/index.php?rest_route=%2Fwp%2Fv2%2Ftags&post=283429"}],"curies":[{"name":"wp","href":"https:\/\/api.w.org\/{rel}","templated":true}]}}