{"id":283444,"date":"2025-07-09T11:22:06","date_gmt":"2025-07-09T15:22:06","guid":{"rendered":"https:\/\/elluchador.info\/?p=283444"},"modified":"2025-07-09T11:22:09","modified_gmt":"2025-07-09T15:22:09","slug":"el-papa-leon-xiv-recibe-a-zelenski-en-roma","status":"publish","type":"post","link":"https:\/\/elluchador.info\/?p=283444","title":{"rendered":"El papa Le\u00f3n XIV recibe a Zelenski en Roma"},"content":{"rendered":"\n<p>El papa Le\u00f3n XIV recibe este mi\u00e9rcoles al presidente de Ucrania, <strong><em>Volodimir Zelenski<\/em><\/strong>, en su residencia estival de Castel Gandolfo, a las afueras de Roma, inform\u00f3 la Santa Sede.<\/p>\n\n\n\n<p><em>\u00abEl Santo Padre recibe esta ma\u00f1ana en audiencia al se\u00f1or Volod\u00edmir Zelenski, presidente de la Rep\u00fablica de Ucrania, y su comitiva\u00bb<\/em>, se indica escuetamente en el bolet\u00edn diario sobre la actividad del pont\u00edfice.<\/p>\n\n\n\n<p>Zelenski tiene previsto presidir ma\u00f1ana en Roma junto a la primera ministra de Italia, Giorgia Meloni, en la inauguraci\u00f3n de la IV Conferencia Internacional sobre la Reconstrucci\u00f3n de Ucrania que se celebrar\u00e1 el jueves y el viernes en la capital italiana y esta tarde ser\u00e1 recibido en el palacio del Quirinal por el jefe del Estado italiano, Sergio Mattarella.<\/p>\n\n\n\n<p>Se trata del segundo encuentro oficial entre ambos despu\u00e9s de que Le\u00f3n XIV recibiese en una audiencia a Zelenski tras la misa de inicio de su pontificado, el pasado 18 de mayo.<\/p>\n\n\n\n<p>Entonces, el mandatario agradeci\u00f3 al pont\u00edfice la petici\u00f3n a favor de \u00abuna paz justa\u00bb que el papa realiz\u00f3 en la ceremonia de su entronizaci\u00f3n ante m\u00e1s de 150 delegaciones de todo el mundo, entre ellas la de Ucrania.<\/p>\n\n\n\n<p>\u00abLa martirizada Ucrania espera finalmente negociaciones para una paz justa y duradera (\u2026) Imploramos la intercesi\u00f3n de Mar\u00eda para que nos d\u00e9 el don de la paz y conceda consuelo a quienes sufren\u00bb, dijo Le\u00f3n XIV.<\/p>\n\n\n\n<p>Con informaci\u00f3n <strong>AFP<\/strong><\/p>\n","protected":false},"excerpt":{"rendered":"<p>El papa Le\u00f3n XIV recibe este mi\u00e9rcoles al presidente de Ucrania, Volodimir Zelenski, en su residencia estival de Castel Gandolfo, a las afueras de Roma, inform\u00f3 la Santa Sede. \u00abEl Santo Padre recibe esta ma\u00f1ana en audiencia al se\u00f1or Volod\u00edmir Zelenski, presidente de la Rep\u00fablica de Ucrania, y su comitiva\u00bb, se indica escuetamente en el [&hellip;]<\/p>\n","protected":false},"author":33,"featured_media":283445,"comment_status":"closed","ping_status":"closed","sticky":false,"template":"","format":"standard","meta":{"footnotes":""},"categories":[8],"tags":[3880,941],"class_list":{"0":"post-283444","1":"post","2":"type-post","3":"status-publish","4":"format-standard","5":"has-post-thumbnail","7":"category-internacionales","8":"tag-leon-xiv","9":"tag-zelenski"},"_links":{"self":[{"href":"https:\/\/elluchador.info\/index.php?rest_route=\/wp\/v2\/posts\/283444","targetHints":{"allow":["GET"]}}],"collection":[{"href":"https:\/\/elluchador.info\/index.php?rest_route=\/wp\/v2\/posts"}],"about":[{"href":"https:\/\/elluchador.info\/index.php?rest_route=\/wp\/v2\/types\/post"}],"author":[{"embeddable":true,"href":"https:\/\/elluchador.info\/index.php?rest_route=\/wp\/v2\/users\/33"}],"replies":[{"embeddable":true,"href":"https:\/\/elluchador.info\/index.php?rest_route=%2Fwp%2Fv2%2Fcomments&post=283444"}],"version-history":[{"count":1,"href":"https:\/\/elluchador.info\/index.php?rest_route=\/wp\/v2\/posts\/283444\/revisions"}],"predecessor-version":[{"id":283446,"href":"https:\/\/elluchador.info\/index.php?rest_route=\/wp\/v2\/posts\/283444\/revisions\/283446"}],"wp:featuredmedia":[{"embeddable":true,"href":"https:\/\/elluchador.info\/index.php?rest_route=\/wp\/v2\/media\/283445"}],"wp:attachment":[{"href":"https:\/\/elluchador.info\/index.php?rest_route=%2Fwp%2Fv2%2Fmedia&parent=283444"}],"wp:term":[{"taxonomy":"category","embeddable":true,"href":"https:\/\/elluchador.info\/index.php?rest_route=%2Fwp%2Fv2%2Fcategories&post=283444"},{"taxonomy":"post_tag","embeddable":true,"href":"https:\/\/elluchador.info\/index.php?rest_route=%2Fwp%2Fv2%2Ftags&post=283444"}],"curies":[{"name":"wp","href":"https:\/\/api.w.org\/{rel}","templated":true}]}}