{"id":283451,"date":"2025-07-09T12:35:08","date_gmt":"2025-07-09T16:35:08","guid":{"rendered":"https:\/\/elluchador.info\/?p=283451"},"modified":"2025-07-09T12:35:13","modified_gmt":"2025-07-09T16:35:13","slug":"saime-anuncio-jornada-especial-de-renovacion-de-cedula-sin-cita","status":"publish","type":"post","link":"https:\/\/elluchador.info\/?p=283451","title":{"rendered":"Saime anunci\u00f3 jornada especial de renovaci\u00f3n de c\u00e9dula \u00absin cita\u00bb"},"content":{"rendered":"\n<p>El Servicio Administrativo de Identificaci\u00f3n, Migraci\u00f3n y Extranjer\u00eda (Saime), a trav\u00e9s de sus redes sociales, ha dado a conocer la realizaci\u00f3n de una jornada especial para la renovaci\u00f3n de c\u00e9dula, sin la solicitud de cita.<\/p>\n\n\n\n<p>Mediante un video publicado en la cuenta de Instagram, del organismo indic\u00f3 que los ciudadanos que deseen renovar su documento de identificaci\u00f3n tendr\u00e1 desde este viernes 11 de julio hasta el 25 del presente mes, para realizar el tr\u00e1mite sin cita, en todas las oficinas a nivel nacional.<\/p>\n\n\n\n<p>El ente se\u00f1al\u00f3 que el horario de atenci\u00f3n ser\u00e1 de lunes a viernes de 8:00 de la ma\u00f1ana hasta las 4:00 de la tarde y los d\u00edas s\u00e1bados de 8 a.m. a 2 p.m.<\/p>\n\n\n\n<p>Con informaci\u00f3n <strong>NTT<\/strong><\/p>\n","protected":false},"excerpt":{"rendered":"<p>El Servicio Administrativo de Identificaci\u00f3n, Migraci\u00f3n y Extranjer\u00eda (Saime), a trav\u00e9s de sus redes sociales, ha dado a conocer la realizaci\u00f3n de una jornada especial para la renovaci\u00f3n de c\u00e9dula, sin la solicitud de cita. Mediante un video publicado en la cuenta de Instagram, del organismo indic\u00f3 que los ciudadanos que deseen renovar su documento [&hellip;]<\/p>\n","protected":false},"author":33,"featured_media":283452,"comment_status":"closed","ping_status":"closed","sticky":false,"template":"","format":"standard","meta":{"footnotes":""},"categories":[9],"tags":[2176,832],"class_list":{"0":"post-283451","1":"post","2":"type-post","3":"status-publish","4":"format-standard","5":"has-post-thumbnail","7":"category-nacionales","8":"tag-cedula","9":"tag-saime"},"_links":{"self":[{"href":"https:\/\/elluchador.info\/index.php?rest_route=\/wp\/v2\/posts\/283451","targetHints":{"allow":["GET"]}}],"collection":[{"href":"https:\/\/elluchador.info\/index.php?rest_route=\/wp\/v2\/posts"}],"about":[{"href":"https:\/\/elluchador.info\/index.php?rest_route=\/wp\/v2\/types\/post"}],"author":[{"embeddable":true,"href":"https:\/\/elluchador.info\/index.php?rest_route=\/wp\/v2\/users\/33"}],"replies":[{"embeddable":true,"href":"https:\/\/elluchador.info\/index.php?rest_route=%2Fwp%2Fv2%2Fcomments&post=283451"}],"version-history":[{"count":1,"href":"https:\/\/elluchador.info\/index.php?rest_route=\/wp\/v2\/posts\/283451\/revisions"}],"predecessor-version":[{"id":283453,"href":"https:\/\/elluchador.info\/index.php?rest_route=\/wp\/v2\/posts\/283451\/revisions\/283453"}],"wp:featuredmedia":[{"embeddable":true,"href":"https:\/\/elluchador.info\/index.php?rest_route=\/wp\/v2\/media\/283452"}],"wp:attachment":[{"href":"https:\/\/elluchador.info\/index.php?rest_route=%2Fwp%2Fv2%2Fmedia&parent=283451"}],"wp:term":[{"taxonomy":"category","embeddable":true,"href":"https:\/\/elluchador.info\/index.php?rest_route=%2Fwp%2Fv2%2Fcategories&post=283451"},{"taxonomy":"post_tag","embeddable":true,"href":"https:\/\/elluchador.info\/index.php?rest_route=%2Fwp%2Fv2%2Ftags&post=283451"}],"curies":[{"name":"wp","href":"https:\/\/api.w.org\/{rel}","templated":true}]}}