{"id":283523,"date":"2025-07-10T07:45:00","date_gmt":"2025-07-10T11:45:00","guid":{"rendered":"https:\/\/elluchador.info\/?p=283523"},"modified":"2025-07-09T22:51:31","modified_gmt":"2025-07-10T02:51:31","slug":"realizan-encuentro-empresarial-en-bolivar-para-afinar-acuerdos-sobre-fospuca","status":"publish","type":"post","link":"https:\/\/elluchador.info\/?p=283523","title":{"rendered":"Realizan encuentro empresarial en Bol\u00edvar para afinar acuerdos sobre Fospuca"},"content":{"rendered":"\n<p>La gobernadora del estado Bol\u00edvar, Yulisbeth Garc\u00eda, se reuni\u00f3 con empresarios, comerciantes, representantes de c\u00e1maras empresariales y gremios estadales. El encuentro cont\u00f3 con la presencia de Jos\u00e9 Sim\u00f3n Elarba, presidente de Fospuca.<\/p>\n\n\n\n<p>La actividad permiti\u00f3 establecer una ruta de trabajo, con el fin de revisar lo relacionado al cobro de la recolecci\u00f3n de desechos s\u00f3lidos en Caron\u00ed y la realidad econ\u00f3mica del sector empresarial.<\/p>\n\n\n\n<p>El evento tambi\u00e9n cont\u00f3 con la participaci\u00f3n de Orlando Camacho, presidente de Fedeindustria, miembros del Gabinete Ejecutivo y el candidato del Gran Polo Patri\u00f3tico Sim\u00f3n Bol\u00edvar por el municipio Caron\u00ed, Yanny Alonzo.&nbsp;<\/p>\n\n\n\n<p>\u201cSi ustedes [el sector empresarial] son felices, yo estar\u00e9 feliz. As\u00ed como el presidente Nicol\u00e1s Maduro y la madrina Delcy Rodr\u00edguez tambi\u00e9n\u201d, asegur\u00f3 la Gobernadora, tras se\u00f1alar la importancia de la participaci\u00f3n del sector privado en la construcci\u00f3n de un estado potencia, dentro de los objetivos del Plan Bol\u00edvar.<\/p>\n\n\n\n<p>\u201cEn unos meses, ya nadie va a hablar de Fospuca; todos van a preguntar d\u00f3nde vamos a invertir\u201d, afirm\u00f3 la l\u00edder pol\u00edtica, refiri\u00e9ndose a los resultados que generan expectativas tanto en el sector empresarial, como en el p\u00fablico. Esto representa una oportunidad significativa para el desarrollo y crecimiento del estado Bol\u00edvar.<\/p>\n\n\n\n<p><strong>Resultados en la mesa<\/strong><br>La gobernadora Yulisbeth Garc\u00eda aplaudi\u00f3 este encuentro a 45 d\u00edas de su gesti\u00f3n, donde se lograron planteamientos que van a beneficiar a empresarios y comerciantes.<\/p>\n\n\n\n<p>Expres\u00f3 su disposici\u00f3n para participar activamente en las mesas de evaluaci\u00f3n y verificaci\u00f3n interinstitucional. As\u00ed como la posibilidad de fiscalizar junto con la Alcald\u00eda de Caron\u00ed a las empresas que requieran un ajuste en sus tarifas, en funci\u00f3n de evaluar la facturaci\u00f3n.<\/p>\n\n\n\n<p><strong>Ruta de trabajo<\/strong><br>La Gobernadora asegur\u00f3 que avanzar\u00e1n con los empresarios en mesas de trabajo, \u201cverificaremos cada propuesta y planificaremos una ruta de acci\u00f3n\u201d.<\/p>\n\n\n\n<p>\u201cTenemos un objetivo claro, revisar lo que haya que revisar, y avanzar en lo que nos ocupa, en la tarea que nos ha dado nuestro presidente Nicol\u00e1s Maduro y nuestra madrina Delcy Rodr\u00edguez, hacer de Bol\u00edvar un estado potencia\u201d. Finaliz\u00f3, Garc\u00eda.<\/p>\n\n\n\n<p>Con informaci\u00f3n de <strong>agencias<\/strong><\/p>\n","protected":false},"excerpt":{"rendered":"<p>La gobernadora del estado Bol\u00edvar, Yulisbeth Garc\u00eda, se reuni\u00f3 con empresarios, comerciantes, representantes de c\u00e1maras empresariales y gremios estadales. El encuentro cont\u00f3 con la presencia de Jos\u00e9 Sim\u00f3n Elarba, presidente de Fospuca. La actividad permiti\u00f3 establecer una ruta de trabajo, con el fin de revisar lo relacionado al cobro de la recolecci\u00f3n de desechos s\u00f3lidos [&hellip;]<\/p>\n","protected":false},"author":38,"featured_media":283524,"comment_status":"closed","ping_status":"closed","sticky":false,"template":"","format":"standard","meta":{"footnotes":""},"categories":[5,12],"tags":[185,1178,105],"class_list":{"0":"post-283523","1":"post","2":"type-post","3":"status-publish","4":"format-standard","5":"has-post-thumbnail","7":"category-destacado","8":"category-regionales","9":"tag-bolivar","10":"tag-ciudad-guayana","11":"tag-venezuela"},"_links":{"self":[{"href":"https:\/\/elluchador.info\/index.php?rest_route=\/wp\/v2\/posts\/283523","targetHints":{"allow":["GET"]}}],"collection":[{"href":"https:\/\/elluchador.info\/index.php?rest_route=\/wp\/v2\/posts"}],"about":[{"href":"https:\/\/elluchador.info\/index.php?rest_route=\/wp\/v2\/types\/post"}],"author":[{"embeddable":true,"href":"https:\/\/elluchador.info\/index.php?rest_route=\/wp\/v2\/users\/38"}],"replies":[{"embeddable":true,"href":"https:\/\/elluchador.info\/index.php?rest_route=%2Fwp%2Fv2%2Fcomments&post=283523"}],"version-history":[{"count":1,"href":"https:\/\/elluchador.info\/index.php?rest_route=\/wp\/v2\/posts\/283523\/revisions"}],"predecessor-version":[{"id":283525,"href":"https:\/\/elluchador.info\/index.php?rest_route=\/wp\/v2\/posts\/283523\/revisions\/283525"}],"wp:featuredmedia":[{"embeddable":true,"href":"https:\/\/elluchador.info\/index.php?rest_route=\/wp\/v2\/media\/283524"}],"wp:attachment":[{"href":"https:\/\/elluchador.info\/index.php?rest_route=%2Fwp%2Fv2%2Fmedia&parent=283523"}],"wp:term":[{"taxonomy":"category","embeddable":true,"href":"https:\/\/elluchador.info\/index.php?rest_route=%2Fwp%2Fv2%2Fcategories&post=283523"},{"taxonomy":"post_tag","embeddable":true,"href":"https:\/\/elluchador.info\/index.php?rest_route=%2Fwp%2Fv2%2Ftags&post=283523"}],"curies":[{"name":"wp","href":"https:\/\/api.w.org\/{rel}","templated":true}]}}