{"id":283533,"date":"2025-07-10T08:09:00","date_gmt":"2025-07-10T12:09:00","guid":{"rendered":"https:\/\/elluchador.info\/?p=283533"},"modified":"2025-07-09T22:58:41","modified_gmt":"2025-07-10T02:58:41","slug":"empresas-y-educacion-media-se-unen-para-fortalecer-la-insercion-de-estudiantes-al-campo-laboral","status":"publish","type":"post","link":"https:\/\/elluchador.info\/?p=283533","title":{"rendered":"Empresas y educaci\u00f3n media se unen para fortalecer la inserci\u00f3n de estudiantes al campo laboral"},"content":{"rendered":"\n<p>Con el prop\u00f3sito de fortalecer la vinculaci\u00f3n entre el sector empresarial y las instituciones de media t\u00e9cnica de los institutos Fe y alegr\u00eda en la ciudad, impulsando la colaboraci\u00f3n, el intercambio de conocimiento y la creaci\u00f3n de oportunidades formativas y laborales que enriquezcan el perfil de egreso y mejore la inserci\u00f3n profesional de los estudiantes, se llev\u00f3 a cabo el I Encuentro Empresa \u2013 Educaci\u00f3n: \u201cAlianza Estrat\u00e9gica\u201d.<\/p>\n\n\n\n<p>El evento tuvo lugar en las instalaciones de la Escuela T\u00e9cnica Jos\u00e9 Mar\u00eda Velaz, en la avenida Libertador, y reuni\u00f3 al personal de las escuelas t\u00e9cnicas de Fe y alegr\u00eda Luis Mar\u00eda Olaso, Crisanto Mata Cova, la anfitriona Jos\u00e9 Mar\u00eda Velaz y un nutrido grupo de empresarios de la zona.<\/p>\n\n\n\n<p>La profesora Carmen Villamizar, directora del Centro Educativo Fe y Alegr\u00eda, fue la encargada de dar la bienvenida a los asistentes destacando que, \u00abqueremos ir m\u00e1s all\u00e1 de las aulas, conectando el conocimiento que impartimos con la realidad din\u00e1mica y exigente del mercado laboral\u201d.<\/p>\n\n\n\n<p>Seguidamente, se realiz\u00f3 una oraci\u00f3n a cargo de la pastoralista Lindsay Guzm\u00e1n, para luego dar paso a la presentaci\u00f3n oficial del evento, a trav\u00e9s de un audiovisual, que proyect\u00f3 las especialidades t\u00e9cnicas ofrecidas por el centro educativo.<\/p>\n\n\n\n<p>La actividad continu\u00f3 con la organizaci\u00f3n de mesas de trabajo en \u00e1reas de administraci\u00f3n, telem\u00e1tica, electricidad, artes pl\u00e1sticas y mec\u00e1nica t\u00e9rmica.<\/p>\n\n\n\n<p>Los miembros de las mesas tuvieron la responsabilidad de responder preguntas relacionadas con el talento que se busca incorporar en las empresas y las brechas de conocimientos, valores o actitudes esenciales en un profesional para que sea realmente un aporte en una organizaci\u00f3n, perfil ideal de un profesional que egresa hoy de la universidad o instituto t\u00e9cnico, habilidades o competencias m\u00e1s cr\u00edticas que se necesitan hoy para enfrentar los desaf\u00edos del mercado, entre otros.<\/p>\n\n\n\n<p>Luego de m\u00e1s de una hora de intensos debates cada mesa de trabajo present\u00f3 sus conclusiones. Destacaron la necesidad de un equilibrio entre habilidades t\u00e9cnicas y blandas, enfatizando la importancia de la pr\u00e1ctica real y la actualizaci\u00f3n constante en herramientas administrativas.<\/p>\n\n\n\n<p>As\u00ed mismo, se reflexion\u00f3 sobre la r\u00e1pida evoluci\u00f3n tecnol\u00f3gica que exige a los estudiantes dominar herramientas emergentes y desarrollen una mentalidad de aprendizaje continuo.<\/p>\n\n\n\n<p>La combinaci\u00f3n de valores tradicionales y habilidades t\u00e9cnicas modernas, la creatividad, \u00e9tica profesional, manejo impecable de herramientas t\u00e9cnicas, actualizaci\u00f3n curricular y la pasi\u00f3n por el oficio tambi\u00e9n fueron puntos de inter\u00e9s fundamentales para cerrar brechas entre la formaci\u00f3n acad\u00e9mica y la realidad laboral.<\/p>\n\n\n\n<p>As\u00ed mismo se llegaron a diferentes acuerdos, tales como, el compromiso con la actualizaci\u00f3n curricular, fortalecimiento de competencias blandas, inicio de pasant\u00edas desde el primer a\u00f1o de estudio, creaci\u00f3n de un \u00abSemillero Cient\u00edfico-T\u00e9cnico\u00bb para proyectos innovadores en colaboraci\u00f3n con empresas y evoluci\u00f3n trimestral de avances en los acuerdos y ajustes de estrategias.<\/p>\n\n\n\n<p>Los estudiantes tambi\u00e9n intervinieron en el encuentro resaltando sus experiencias en pr\u00e1cticas profesionales. Para cerrar, la profesora Juliett P\u00e9rez elev\u00f3 unas palabras de agradecimiento a los presentes y destac\u00f3 que, \u00abeste es el primero de muchos encuentros que vendr\u00e1n, pues la alianza con ustedes es fundamental para nuestros pasantes\u00bb.<\/p>\n\n\n\n<p>El evento concluy\u00f3 con un ameno compartir que brind\u00f3 un espacio adicional para seguir tejiendo conexiones entre los asistentes.<\/p>\n\n\n\n<p><strong>Gledis Bonilla<\/strong><\/p>\n","protected":false},"excerpt":{"rendered":"<p>Con el prop\u00f3sito de fortalecer la vinculaci\u00f3n entre el sector empresarial y las instituciones de media t\u00e9cnica de los institutos Fe y alegr\u00eda en la ciudad, impulsando la colaboraci\u00f3n, el intercambio de conocimiento y la creaci\u00f3n de oportunidades formativas y laborales que enriquezcan el perfil de egreso y mejore la inserci\u00f3n profesional de los estudiantes, [&hellip;]<\/p>\n","protected":false},"author":38,"featured_media":283534,"comment_status":"closed","ping_status":"closed","sticky":false,"template":"","format":"standard","meta":{"footnotes":""},"categories":[2],"tags":[185,306,105],"class_list":{"0":"post-283533","1":"post","2":"type-post","3":"status-publish","4":"format-standard","5":"has-post-thumbnail","7":"category-comunidad","8":"tag-bolivar","9":"tag-ciudad-bolivar","10":"tag-venezuela"},"_links":{"self":[{"href":"https:\/\/elluchador.info\/index.php?rest_route=\/wp\/v2\/posts\/283533","targetHints":{"allow":["GET"]}}],"collection":[{"href":"https:\/\/elluchador.info\/index.php?rest_route=\/wp\/v2\/posts"}],"about":[{"href":"https:\/\/elluchador.info\/index.php?rest_route=\/wp\/v2\/types\/post"}],"author":[{"embeddable":true,"href":"https:\/\/elluchador.info\/index.php?rest_route=\/wp\/v2\/users\/38"}],"replies":[{"embeddable":true,"href":"https:\/\/elluchador.info\/index.php?rest_route=%2Fwp%2Fv2%2Fcomments&post=283533"}],"version-history":[{"count":1,"href":"https:\/\/elluchador.info\/index.php?rest_route=\/wp\/v2\/posts\/283533\/revisions"}],"predecessor-version":[{"id":283535,"href":"https:\/\/elluchador.info\/index.php?rest_route=\/wp\/v2\/posts\/283533\/revisions\/283535"}],"wp:featuredmedia":[{"embeddable":true,"href":"https:\/\/elluchador.info\/index.php?rest_route=\/wp\/v2\/media\/283534"}],"wp:attachment":[{"href":"https:\/\/elluchador.info\/index.php?rest_route=%2Fwp%2Fv2%2Fmedia&parent=283533"}],"wp:term":[{"taxonomy":"category","embeddable":true,"href":"https:\/\/elluchador.info\/index.php?rest_route=%2Fwp%2Fv2%2Fcategories&post=283533"},{"taxonomy":"post_tag","embeddable":true,"href":"https:\/\/elluchador.info\/index.php?rest_route=%2Fwp%2Fv2%2Ftags&post=283533"}],"curies":[{"name":"wp","href":"https:\/\/api.w.org\/{rel}","templated":true}]}}