{"id":284012,"date":"2025-07-14T21:26:17","date_gmt":"2025-07-15T01:26:17","guid":{"rendered":"https:\/\/elluchador.info\/?p=284012"},"modified":"2025-07-14T21:26:21","modified_gmt":"2025-07-15T01:26:21","slug":"fospuca-y-gobernacion-de-bolivar-trazan-ruta-de-consenso-con-empresarios-para-inversion","status":"publish","type":"post","link":"https:\/\/elluchador.info\/?p=284012","title":{"rendered":"Fospuca y Gobernaci\u00f3n de Bol\u00edvar trazan ruta de consenso con empresarios para inversi\u00f3n"},"content":{"rendered":"\n<p>\u200eEn una importante jornada de di\u00e1logo y cooperaci\u00f3n institucional, la gobernadora del estado Bol\u00edvar, Yulisbeth Garc\u00eda, encabez\u00f3 el pasado mi\u00e9rcoles un encuentro con empresarios, representantes de c\u00e1maras gremiales y autoridades del sector privado, con el objetivo de revisar y mejorar el esquema de recolecci\u00f3n de desechos s\u00f3lidos en el municipio Caron\u00ed. <\/p>\n\n\n\n<p>El encuentro cont\u00f3 con la participaci\u00f3n destacada de Jos\u00e9 Sim\u00f3n Elarba, presidente de Fospuca, y Orlando Camacho, presidente de Fedeindustria, quienes celebraron el espacio de discusi\u00f3n como un paso firme hacia la construcci\u00f3n de acuerdos que favorezcan tanto al sector productivo como al bienestar ciudadano. <\/p>\n\n\n\n<p>\u200eDurante la reuni\u00f3n se estableci\u00f3 una hoja de ruta para revisar aspectos t\u00e9cnicos y econ\u00f3micos vinculados al servicio de aseo urbano y su impacto en la operatividad empresarial. Elarba expres\u00f3 su respaldo a la iniciativa y destac\u00f3 la disposici\u00f3n de Fospuca para contribuir al desarrollo regional.<\/p>\n\n\n\n<p>\u200e\u00bbAdem\u00e1s de explorar las potencialidades del estado Bol\u00edvar, abordamos inquietudes sobre la metodolog\u00eda de c\u00e1lculo de tarifas, los procedimientos de cobranza y embargos. Fue una de las reuniones m\u00e1s productivas que hemos tenido\u201d, asegur\u00f3 Elarba. <\/p>\n\n\n\n<p>Asimismo, se\u00f1al\u00f3 que el evento, que comenz\u00f3 con ciertas tensiones, concluy\u00f3 en un ambiente de consenso y compromiso, calific\u00e1ndolo como un modelo de c\u00f3mo el Estado puede actuar como mediador eficaz para resolver diferencias entre actores privados, con miras a fomentar la inversi\u00f3n y el crecimiento econ\u00f3mico. <\/p>\n\n\n\n<p>\u200ePor su parte, la gobernadora Yulisbeth Garc\u00eda subray\u00f3 que este tipo de espacios son fundamentales para seguir generando confianza en Bol\u00edvar como destino de inversi\u00f3n. <\/p>\n\n\n\n<p>\u200e\u201cEn unos meses, ya nadie hablar\u00e1 de Fospuca, todos preguntar\u00e1n d\u00f3nde invertir. Esta es una gran oportunidad para el crecimiento del estado\u201d, afirm\u00f3 la mandataria regional. <\/p>\n\n\n\n<p>\u200eEl encuentro marca un precedente positivo en la relaci\u00f3n entre el sector p\u00fablico, los empresarios y los prestadores de servicios, fortaleciendo el camino hacia un ecosistema econ\u00f3mico m\u00e1s s\u00f3lido y equilibrado en la entidad. <\/p>\n\n\n\n<p>Con informaci\u00f3n <strong>\u00daR<\/strong><br><\/p>\n\n\n\n<p>\u200e<\/p>\n","protected":false},"excerpt":{"rendered":"<p>\u200eEn una importante jornada de di\u00e1logo y cooperaci\u00f3n institucional, la gobernadora del estado Bol\u00edvar, Yulisbeth Garc\u00eda, encabez\u00f3 el pasado mi\u00e9rcoles un encuentro con empresarios, representantes de c\u00e1maras gremiales y autoridades del sector privado, con el objetivo de revisar y mejorar el esquema de recolecci\u00f3n de desechos s\u00f3lidos en el municipio Caron\u00ed. El encuentro cont\u00f3 con [&hellip;]<\/p>\n","protected":false},"author":33,"featured_media":284013,"comment_status":"closed","ping_status":"closed","sticky":false,"template":"","format":"standard","meta":{"footnotes":""},"categories":[5,12],"tags":[185,4610],"class_list":{"0":"post-284012","1":"post","2":"type-post","3":"status-publish","4":"format-standard","5":"has-post-thumbnail","7":"category-destacado","8":"category-regionales","9":"tag-bolivar","10":"tag-fospuca"},"_links":{"self":[{"href":"https:\/\/elluchador.info\/index.php?rest_route=\/wp\/v2\/posts\/284012","targetHints":{"allow":["GET"]}}],"collection":[{"href":"https:\/\/elluchador.info\/index.php?rest_route=\/wp\/v2\/posts"}],"about":[{"href":"https:\/\/elluchador.info\/index.php?rest_route=\/wp\/v2\/types\/post"}],"author":[{"embeddable":true,"href":"https:\/\/elluchador.info\/index.php?rest_route=\/wp\/v2\/users\/33"}],"replies":[{"embeddable":true,"href":"https:\/\/elluchador.info\/index.php?rest_route=%2Fwp%2Fv2%2Fcomments&post=284012"}],"version-history":[{"count":1,"href":"https:\/\/elluchador.info\/index.php?rest_route=\/wp\/v2\/posts\/284012\/revisions"}],"predecessor-version":[{"id":284014,"href":"https:\/\/elluchador.info\/index.php?rest_route=\/wp\/v2\/posts\/284012\/revisions\/284014"}],"wp:featuredmedia":[{"embeddable":true,"href":"https:\/\/elluchador.info\/index.php?rest_route=\/wp\/v2\/media\/284013"}],"wp:attachment":[{"href":"https:\/\/elluchador.info\/index.php?rest_route=%2Fwp%2Fv2%2Fmedia&parent=284012"}],"wp:term":[{"taxonomy":"category","embeddable":true,"href":"https:\/\/elluchador.info\/index.php?rest_route=%2Fwp%2Fv2%2Fcategories&post=284012"},{"taxonomy":"post_tag","embeddable":true,"href":"https:\/\/elluchador.info\/index.php?rest_route=%2Fwp%2Fv2%2Ftags&post=284012"}],"curies":[{"name":"wp","href":"https:\/\/api.w.org\/{rel}","templated":true}]}}