{"id":284169,"date":"2025-07-16T12:34:47","date_gmt":"2025-07-16T16:34:47","guid":{"rendered":"https:\/\/elluchador.info\/?p=284169"},"modified":"2025-07-16T12:34:55","modified_gmt":"2025-07-16T16:34:55","slug":"dia-de-la-virgen-del-carmen-cual-es-la-historia-de-la-patrona-del-ejercito-y-los-conductores","status":"publish","type":"post","link":"https:\/\/elluchador.info\/?p=284169","title":{"rendered":"D\u00eda de la Virgen del Carmen: Cu\u00e1l es la historia de la patrona del ej\u00e9rcito y los conductores"},"content":{"rendered":"\n<p>Tambi\u00e9n conocida como Santa Mar\u00eda del Monte Carmelo, cada 16 de julio se conmemora el D\u00eda de la Virgen del Carmen, con el prop\u00f3sito de enaltecer su figura de protecci\u00f3n.<\/p>\n\n\n\n<p>El origen de la advocaci\u00f3n a esta Virgen tuvo lugar en el Monte Carmelo que se encuentra en Haifa, Israel. All\u00ed los fieles construyeron una capilla junto a la cueva de El\u00edas en honor a la Santa Mar\u00eda, denominada Nuestra Se\u00f1ora del Monte Carmelo o del Carmen.<\/p>\n\n\n\n<p>El 16 de julio de 1251 la imagen de esta Virgen se le apareci\u00f3 a Sim\u00f3n Stock, el general superior de la Orden de Nuestra Se\u00f1ora del Monte Carmelo en Aylesford, Inglaterra. La figura le entreg\u00f3 sus h\u00e1bitos y el escapulario \u201ccomo se\u00f1al de su protecci\u00f3n\u201d, que se convirtieron en s\u00edmbolos del culto mariano carmelita. A partir de 1587, este acontecimiento tom\u00f3 mayor reconocimiento por la Iglesia y comenz\u00f3 a celebrarse este d\u00eda en su honor.<\/p>\n\n\n\n<p>Es una pr\u00e1ctica devocional mariana que, a lo largo de los siglos, se ha extendido a los cat\u00f3licos de todo el mundo.<\/p>\n\n\n\n<p>Como es la patrona de diferentes pa\u00edses y ciudades, tambi\u00e9n es la patrona del ej\u00e9rcito y los conductores, de los valientes funcionarios policiales y de aquellos que atraviesan los mares en busca de mejor situaci\u00f3n, arriesgando sus vidas y perdi\u00e9ndola muchos de ellos.<\/p>\n\n\n\n<p>La veneraci\u00f3n de esta figura santa tambi\u00e9n posee un gran protagonismo en Argentina, Per\u00fa, Chile, Bolivia, Colombia, Uruguay, Venezuela, Puerto Rico, Costa Rica, Espa\u00f1a e Italia.<\/p>\n\n\n\n<p>Con informaci\u00f3n <strong>NTT<\/strong><\/p>\n","protected":false},"excerpt":{"rendered":"<p>Tambi\u00e9n conocida como Santa Mar\u00eda del Monte Carmelo, cada 16 de julio se conmemora el D\u00eda de la Virgen del Carmen, con el prop\u00f3sito de enaltecer su figura de protecci\u00f3n. El origen de la advocaci\u00f3n a esta Virgen tuvo lugar en el Monte Carmelo que se encuentra en Haifa, Israel. All\u00ed los fieles construyeron una [&hellip;]<\/p>\n","protected":false},"author":33,"featured_media":284170,"comment_status":"closed","ping_status":"closed","sticky":false,"template":"","format":"standard","meta":{"footnotes":""},"categories":[3],"tags":[4625,146,4627],"class_list":{"0":"post-284169","1":"post","2":"type-post","3":"status-publish","4":"format-standard","5":"has-post-thumbnail","7":"category-curiosidades","8":"tag-ejercito-2","9":"tag-historia","10":"tag-virgen-del-carmen"},"_links":{"self":[{"href":"https:\/\/elluchador.info\/index.php?rest_route=\/wp\/v2\/posts\/284169","targetHints":{"allow":["GET"]}}],"collection":[{"href":"https:\/\/elluchador.info\/index.php?rest_route=\/wp\/v2\/posts"}],"about":[{"href":"https:\/\/elluchador.info\/index.php?rest_route=\/wp\/v2\/types\/post"}],"author":[{"embeddable":true,"href":"https:\/\/elluchador.info\/index.php?rest_route=\/wp\/v2\/users\/33"}],"replies":[{"embeddable":true,"href":"https:\/\/elluchador.info\/index.php?rest_route=%2Fwp%2Fv2%2Fcomments&post=284169"}],"version-history":[{"count":1,"href":"https:\/\/elluchador.info\/index.php?rest_route=\/wp\/v2\/posts\/284169\/revisions"}],"predecessor-version":[{"id":284171,"href":"https:\/\/elluchador.info\/index.php?rest_route=\/wp\/v2\/posts\/284169\/revisions\/284171"}],"wp:featuredmedia":[{"embeddable":true,"href":"https:\/\/elluchador.info\/index.php?rest_route=\/wp\/v2\/media\/284170"}],"wp:attachment":[{"href":"https:\/\/elluchador.info\/index.php?rest_route=%2Fwp%2Fv2%2Fmedia&parent=284169"}],"wp:term":[{"taxonomy":"category","embeddable":true,"href":"https:\/\/elluchador.info\/index.php?rest_route=%2Fwp%2Fv2%2Fcategories&post=284169"},{"taxonomy":"post_tag","embeddable":true,"href":"https:\/\/elluchador.info\/index.php?rest_route=%2Fwp%2Fv2%2Ftags&post=284169"}],"curies":[{"name":"wp","href":"https:\/\/api.w.org\/{rel}","templated":true}]}}