{"id":284172,"date":"2025-07-16T12:47:29","date_gmt":"2025-07-16T16:47:29","guid":{"rendered":"https:\/\/elluchador.info\/?p=284172"},"modified":"2025-07-16T12:47:35","modified_gmt":"2025-07-16T16:47:35","slug":"estiman-caida-del-60-de-la-siembra-de-maiz-en-portuguesa","status":"publish","type":"post","link":"https:\/\/elluchador.info\/?p=284172","title":{"rendered":"Estiman ca\u00edda del 60% de la siembra de ma\u00edz en Portuguesa"},"content":{"rendered":"\n<p>La siembra de ma\u00edz proyectada para el ciclo invierno 2025 en el estado Portuguesa tendr\u00e1 una dr\u00e1stica ca\u00edda del 60%. El mandatario regional <em>Primitivo Cede\u00f1o<\/em> inform\u00f3 que las lluvias registradas en la entidad en las \u00faltimas semanas afectaron al sector agrario y en especial los cultivos del cereal.<\/p>\n\n\n\n<p>Cede\u00f1o detall\u00f3 que, de una estimaci\u00f3n inicial de 250 mil hect\u00e1reas de ma\u00edz, este a\u00f1o solo se lograr\u00e1 un 40% de la superficie cultivada y que esto constituye \u00abun gran impacto (\u2026) en un estado que es la despensa del pa\u00eds\u00bb<\/p>\n\n\n\n<p>El Gobernador indic\u00f3 que, como consecuencia de las precipitaciones, \u00abla extensi\u00f3n de siembra no se logr\u00f3, as\u00ed como tambi\u00e9n ha afectado lo que se logr\u00f3 sembrar\u00bb.<\/p>\n\n\n\n<p>El mandatario dijo que el Ejecutivo regional se enfocar\u00e1 en \u00abuna reingenier\u00eda\u00bb en la producci\u00f3n agr\u00edcola, ya que tambi\u00e9n las condiciones clim\u00e1ticas afectaron la siembra de ca\u00f1a de az\u00facar.<\/p>\n\n\n\n<p>En cuanto a este rubro, y aunque los centrales azucareros estuvieron operativos, detall\u00f3 que unas 300 mil toneladas de ca\u00f1a se quedaron en el campo sin procesar, rese\u00f1a una nota de Minuta Agropecuaria.<\/p>\n\n\n\n<p>Con informaci\u00f3n <strong>Banca y Negocios<\/strong><\/p>\n","protected":false},"excerpt":{"rendered":"<p>La siembra de ma\u00edz proyectada para el ciclo invierno 2025 en el estado Portuguesa tendr\u00e1 una dr\u00e1stica ca\u00edda del 60%. El mandatario regional Primitivo Cede\u00f1o inform\u00f3 que las lluvias registradas en la entidad en las \u00faltimas semanas afectaron al sector agrario y en especial los cultivos del cereal. Cede\u00f1o detall\u00f3 que, de una estimaci\u00f3n inicial [&hellip;]<\/p>\n","protected":false},"author":33,"featured_media":284173,"comment_status":"closed","ping_status":"closed","sticky":false,"template":"","format":"standard","meta":{"footnotes":""},"categories":[6],"tags":[3452,4628],"class_list":{"0":"post-284172","1":"post","2":"type-post","3":"status-publish","4":"format-standard","5":"has-post-thumbnail","7":"category-economia","8":"tag-portuguesa","9":"tag-siembra"},"_links":{"self":[{"href":"https:\/\/elluchador.info\/index.php?rest_route=\/wp\/v2\/posts\/284172","targetHints":{"allow":["GET"]}}],"collection":[{"href":"https:\/\/elluchador.info\/index.php?rest_route=\/wp\/v2\/posts"}],"about":[{"href":"https:\/\/elluchador.info\/index.php?rest_route=\/wp\/v2\/types\/post"}],"author":[{"embeddable":true,"href":"https:\/\/elluchador.info\/index.php?rest_route=\/wp\/v2\/users\/33"}],"replies":[{"embeddable":true,"href":"https:\/\/elluchador.info\/index.php?rest_route=%2Fwp%2Fv2%2Fcomments&post=284172"}],"version-history":[{"count":1,"href":"https:\/\/elluchador.info\/index.php?rest_route=\/wp\/v2\/posts\/284172\/revisions"}],"predecessor-version":[{"id":284174,"href":"https:\/\/elluchador.info\/index.php?rest_route=\/wp\/v2\/posts\/284172\/revisions\/284174"}],"wp:featuredmedia":[{"embeddable":true,"href":"https:\/\/elluchador.info\/index.php?rest_route=\/wp\/v2\/media\/284173"}],"wp:attachment":[{"href":"https:\/\/elluchador.info\/index.php?rest_route=%2Fwp%2Fv2%2Fmedia&parent=284172"}],"wp:term":[{"taxonomy":"category","embeddable":true,"href":"https:\/\/elluchador.info\/index.php?rest_route=%2Fwp%2Fv2%2Fcategories&post=284172"},{"taxonomy":"post_tag","embeddable":true,"href":"https:\/\/elluchador.info\/index.php?rest_route=%2Fwp%2Fv2%2Ftags&post=284172"}],"curies":[{"name":"wp","href":"https:\/\/api.w.org\/{rel}","templated":true}]}}