{"id":284178,"date":"2025-07-16T13:15:34","date_gmt":"2025-07-16T17:15:34","guid":{"rendered":"https:\/\/elluchador.info\/?p=284178"},"modified":"2025-07-16T13:15:37","modified_gmt":"2025-07-16T17:15:37","slug":"real-madrid-oficializo-la-salida-de-lucas-vasquez","status":"publish","type":"post","link":"https:\/\/elluchador.info\/?p=284178","title":{"rendered":"Real Madrid oficializ\u00f3 la salida de Lucas V\u00e1squez"},"content":{"rendered":"\n<p>El Real Madrid hizo oficial la salida de Lucas V\u00e1zquez despu\u00e9s de diez temporadas en el primer equipo, con el que logr\u00f3 23 t\u00edtulos y disput\u00f3 402 partidos, y que tendr\u00e1 un homenaje en el acto de despedida fijado en la Ciudad Real Madrid este jueves, a las 13.00 hora local.<\/p>\n\n\n\n<p>El gallego, que termin\u00f3 su v\u00ednculo con el conjunto blanco tras la disputa del Mundial de Clubes, lleg\u00f3 al club en 2007, con 16 a\u00f1os, y jug\u00f3 en todas las categor\u00edas de nuestra cantera desde el Juvenil C hasta el Castilla, y tras una temporada cedida en el Espanyol, debut\u00f3 con el primer equipo en septiembre de 2015.<\/p>\n\n\n\n<p>Desde entonces, ha disputado 402 partidos durante 10 temporadas, en una de las etapas m\u00e1s exitosas de la historia del Real Madrid, con 23 t\u00edtulos en su haber repartido en 5 Copas de Europa, 5 Mundiales de Clubes, 4 Supercopas de Europa, 4 Ligas, 1 Copa del Rey y 4 Supercopas de Espa\u00f1a.<\/p>\n\n\n\n<p>\u00abLucas V\u00e1zquez representa de manera ejemplar los valores del Real Madrid, lo que le ha convertido en uno de los jugadores m\u00e1s queridos por nuestra afici\u00f3n. Su figura simboliza el trabajo, la perseverancia, la humildad y un esp\u00edritu ganador imprescindibles para triunfar con esta camiseta. Es un jugador que se lleva el cari\u00f1o y el reconocimiento de todo el madridismo. El Real Madrid es y ser\u00e1 siempre su casa\u00bb, expres\u00f3 el presidente del Real Madrid, Florentino P\u00e9rez en declaraciones difundidas por la entidad.<\/p>\n\n\n\n<p>El propio Lucas V\u00e1zquez public\u00f3 un v\u00eddeo emotivo en sus redes sociales donde se mostraban im\u00e1genes suyas con la camiseta blanca, mientras con una voz en \u2018off\u2019 repasaba toda su trayectoria en el club.<\/p>\n\n\n\n<p>\u00abQueridos madridistas, han pasado casi dos d\u00e9cadas desde que llegu\u00e9 a Valdebebas con 16 a\u00f1os. Lleno de sue\u00f1os e ilusi\u00f3n por vestir esta camiseta. Cada paso fue un regalo y con el tiempo, el Madrid se convirti\u00f3 en mi casa. Hemos vivido noches inolvidables, 23 t\u00edtulos y momentos que siempre quedar\u00e1n grabados en mi memoria\u00ab, comenz\u00f3 el futbolista.<\/p>\n\n\n\n<p>\u00abGracias, de coraz\u00f3n, al presidente, directiva, trabajadores, entrenadores, compa\u00f1eros y sobre todo, a la afici\u00f3n. Vosotros me empujasteis a dar siempre un poco m\u00e1s. Hoy, despu\u00e9s de m\u00e1s de 400 partidos, me toca decir adi\u00f3s al club de mi vida, pero me voy tranquilo, con la certeza de haberlo dado todo. Siempre he sido consciente de la responsabilidad y el privilegio que supone defender este escudo\u00ab, a\u00f1adi\u00f3.<\/p>\n\n\n\n<p>Con informaci\u00f3n <strong><em>Agencias.-<\/em><\/strong><\/p>\n","protected":false},"excerpt":{"rendered":"<p>El Real Madrid hizo oficial la salida de Lucas V\u00e1zquez despu\u00e9s de diez temporadas en el primer equipo, con el que logr\u00f3 23 t\u00edtulos y disput\u00f3 402 partidos, y que tendr\u00e1 un homenaje en el acto de despedida fijado en la Ciudad Real Madrid este jueves, a las 13.00 hora local. El gallego, que termin\u00f3 [&hellip;]<\/p>\n","protected":false},"author":33,"featured_media":284179,"comment_status":"closed","ping_status":"closed","sticky":false,"template":"","format":"standard","meta":{"footnotes":""},"categories":[4],"tags":[4629,401],"class_list":{"0":"post-284178","1":"post","2":"type-post","3":"status-publish","4":"format-standard","5":"has-post-thumbnail","7":"category-deportes","8":"tag-lucas-vazquez","9":"tag-real-madrid"},"_links":{"self":[{"href":"https:\/\/elluchador.info\/index.php?rest_route=\/wp\/v2\/posts\/284178","targetHints":{"allow":["GET"]}}],"collection":[{"href":"https:\/\/elluchador.info\/index.php?rest_route=\/wp\/v2\/posts"}],"about":[{"href":"https:\/\/elluchador.info\/index.php?rest_route=\/wp\/v2\/types\/post"}],"author":[{"embeddable":true,"href":"https:\/\/elluchador.info\/index.php?rest_route=\/wp\/v2\/users\/33"}],"replies":[{"embeddable":true,"href":"https:\/\/elluchador.info\/index.php?rest_route=%2Fwp%2Fv2%2Fcomments&post=284178"}],"version-history":[{"count":1,"href":"https:\/\/elluchador.info\/index.php?rest_route=\/wp\/v2\/posts\/284178\/revisions"}],"predecessor-version":[{"id":284180,"href":"https:\/\/elluchador.info\/index.php?rest_route=\/wp\/v2\/posts\/284178\/revisions\/284180"}],"wp:featuredmedia":[{"embeddable":true,"href":"https:\/\/elluchador.info\/index.php?rest_route=\/wp\/v2\/media\/284179"}],"wp:attachment":[{"href":"https:\/\/elluchador.info\/index.php?rest_route=%2Fwp%2Fv2%2Fmedia&parent=284178"}],"wp:term":[{"taxonomy":"category","embeddable":true,"href":"https:\/\/elluchador.info\/index.php?rest_route=%2Fwp%2Fv2%2Fcategories&post=284178"},{"taxonomy":"post_tag","embeddable":true,"href":"https:\/\/elluchador.info\/index.php?rest_route=%2Fwp%2Fv2%2Ftags&post=284178"}],"curies":[{"name":"wp","href":"https:\/\/api.w.org\/{rel}","templated":true}]}}