{"id":284181,"date":"2025-07-16T13:31:04","date_gmt":"2025-07-16T17:31:04","guid":{"rendered":"https:\/\/elluchador.info\/?p=284181"},"modified":"2025-07-16T13:31:09","modified_gmt":"2025-07-16T17:31:09","slug":"el-venezolano-julio-mayora-se-corono-campeon-panamericano-en-cali","status":"publish","type":"post","link":"https:\/\/elluchador.info\/?p=284181","title":{"rendered":"El venezolano Julio Mayora se coron\u00f3 campe\u00f3n panamericano en Cali"},"content":{"rendered":"\n<p>La halterof\u00edlia venezolana contin\u00faa regal\u00e1ndole reconocimientos al pa\u00eds y Julio Mayora demostr\u00f3 una vez m\u00e1s su condici\u00f3n de \u00e9lite al obtener el primer lugar con r\u00e9cord incluido en el Campeonato Panamericano, que se celebra en la ciudad colombiana de Cali.<\/p>\n\n\n\n<p>Mayora subi\u00f3 a lo m\u00e1s alto del podio en la categor\u00eda de 79 kilogramos al conseguir un arranque de 158 kg y un posterior envi\u00f3n de 199 kg, que le permiti\u00f3 ascender a los 357 kg en total para liderar la competici\u00f3n y registrando un nuevo r\u00e9cord panamericano.<\/p>\n\n\n\n<p>El oriundo de La Guaira, medallista en los Juegos Ol\u00edmpicos de Tokio 2020, hizo as\u00ed su regreso a competiciones internacionales por todo lo alto con una presentaci\u00f3n en la que no tuvo ning\u00fan movimiento err\u00e1tico de los seis que ejecut\u00f3.<\/p>\n\n\n\n<p>En m\u00e1s de la participaci\u00f3n criolla en el Panamericano, Reinner Arango y G\u00e9nesis Rodr\u00edguez tambi\u00e9n lograron adjudicarse una medalla de plata cada uno. Arango se llev\u00f3 el subcampeonato al colgarse tres medallas de plata en la divisi\u00f3n de 71 kg, mientras Rodr\u00edguez obtuvo el segundo puesto en el arranque, alzando 99 kilos.<\/p>\n\n\n\n<p>Con informaci\u00f3n <strong><em>Mundo \u00daR<\/em><\/strong><\/p>\n","protected":false},"excerpt":{"rendered":"<p>La halterof\u00edlia venezolana contin\u00faa regal\u00e1ndole reconocimientos al pa\u00eds y Julio Mayora demostr\u00f3 una vez m\u00e1s su condici\u00f3n de \u00e9lite al obtener el primer lugar con r\u00e9cord incluido en el Campeonato Panamericano, que se celebra en la ciudad colombiana de Cali. Mayora subi\u00f3 a lo m\u00e1s alto del podio en la categor\u00eda de 79 kilogramos al [&hellip;]<\/p>\n","protected":false},"author":33,"featured_media":284182,"comment_status":"closed","ping_status":"closed","sticky":false,"template":"","format":"standard","meta":{"footnotes":""},"categories":[4],"tags":[105],"class_list":{"0":"post-284181","1":"post","2":"type-post","3":"status-publish","4":"format-standard","5":"has-post-thumbnail","7":"category-deportes","8":"tag-venezuela"},"_links":{"self":[{"href":"https:\/\/elluchador.info\/index.php?rest_route=\/wp\/v2\/posts\/284181","targetHints":{"allow":["GET"]}}],"collection":[{"href":"https:\/\/elluchador.info\/index.php?rest_route=\/wp\/v2\/posts"}],"about":[{"href":"https:\/\/elluchador.info\/index.php?rest_route=\/wp\/v2\/types\/post"}],"author":[{"embeddable":true,"href":"https:\/\/elluchador.info\/index.php?rest_route=\/wp\/v2\/users\/33"}],"replies":[{"embeddable":true,"href":"https:\/\/elluchador.info\/index.php?rest_route=%2Fwp%2Fv2%2Fcomments&post=284181"}],"version-history":[{"count":1,"href":"https:\/\/elluchador.info\/index.php?rest_route=\/wp\/v2\/posts\/284181\/revisions"}],"predecessor-version":[{"id":284183,"href":"https:\/\/elluchador.info\/index.php?rest_route=\/wp\/v2\/posts\/284181\/revisions\/284183"}],"wp:featuredmedia":[{"embeddable":true,"href":"https:\/\/elluchador.info\/index.php?rest_route=\/wp\/v2\/media\/284182"}],"wp:attachment":[{"href":"https:\/\/elluchador.info\/index.php?rest_route=%2Fwp%2Fv2%2Fmedia&parent=284181"}],"wp:term":[{"taxonomy":"category","embeddable":true,"href":"https:\/\/elluchador.info\/index.php?rest_route=%2Fwp%2Fv2%2Fcategories&post=284181"},{"taxonomy":"post_tag","embeddable":true,"href":"https:\/\/elluchador.info\/index.php?rest_route=%2Fwp%2Fv2%2Ftags&post=284181"}],"curies":[{"name":"wp","href":"https:\/\/api.w.org\/{rel}","templated":true}]}}