{"id":284184,"date":"2025-07-16T13:58:24","date_gmt":"2025-07-16T17:58:24","guid":{"rendered":"https:\/\/elluchador.info\/?p=284184"},"modified":"2025-07-16T13:58:28","modified_gmt":"2025-07-16T17:58:28","slug":"actividades-escolares-inician-el-proximo-15-de-septiembre","status":"publish","type":"post","link":"https:\/\/elluchador.info\/?p=284184","title":{"rendered":"Actividades escolares inician el pr\u00f3ximo 15 de septiembre"},"content":{"rendered":"\n<p>De acuerdo con el\u00a0<strong>Ministerio de Educaci\u00f3n<\/strong>, las actividades administrativas comenzar\u00e1n el <em>8 de septiembre y las clases, el 15 de septiembre<\/em>, mientras\u00a0las escuelas se mantendr\u00e1n abiertas para seguir ofreciendo el\u00a0<strong>Plan de Alimentaci\u00f3n Escolar (PAE)<\/strong>, inform\u00f3 el titular ministerial\u00a0<strong>H\u00e9ctor Rodr\u00edguez.<\/strong><\/p>\n\n\n\n<p>\u00abEso no quiere decir que no vamos a respetar el tiempo sagrado de descanso de los maestros y maestras, sino que se quedar\u00e1n con nosotros los maestros que as\u00ed lo deseen, junto a la comunidad\u00bb, aclar\u00f3 Rodr\u00edguez, en NDP.<\/p>\n\n\n\n<p>Rodr\u00edguez dijo que las vacaciones servir\u00e1n para buscar a j\u00f3venes y peque\u00f1os que a\u00fan no est\u00e9n escolarizados, as\u00ed como para seguir rehabilitando instituciones.<\/p>\n\n\n\n<p>Con informaci\u00f3n <strong>Globovisi\u00f3n<\/strong><\/p>\n","protected":false},"excerpt":{"rendered":"<p>De acuerdo con el\u00a0Ministerio de Educaci\u00f3n, las actividades administrativas comenzar\u00e1n el 8 de septiembre y las clases, el 15 de septiembre, mientras\u00a0las escuelas se mantendr\u00e1n abiertas para seguir ofreciendo el\u00a0Plan de Alimentaci\u00f3n Escolar (PAE), inform\u00f3 el titular ministerial\u00a0H\u00e9ctor Rodr\u00edguez. \u00abEso no quiere decir que no vamos a respetar el tiempo sagrado de descanso de los [&hellip;]<\/p>\n","protected":false},"author":33,"featured_media":284185,"comment_status":"closed","ping_status":"closed","sticky":false,"template":"","format":"standard","meta":{"footnotes":""},"categories":[9],"tags":[2061,105],"class_list":{"0":"post-284184","1":"post","2":"type-post","3":"status-publish","4":"format-standard","5":"has-post-thumbnail","7":"category-nacionales","8":"tag-escolares","9":"tag-venezuela"},"_links":{"self":[{"href":"https:\/\/elluchador.info\/index.php?rest_route=\/wp\/v2\/posts\/284184","targetHints":{"allow":["GET"]}}],"collection":[{"href":"https:\/\/elluchador.info\/index.php?rest_route=\/wp\/v2\/posts"}],"about":[{"href":"https:\/\/elluchador.info\/index.php?rest_route=\/wp\/v2\/types\/post"}],"author":[{"embeddable":true,"href":"https:\/\/elluchador.info\/index.php?rest_route=\/wp\/v2\/users\/33"}],"replies":[{"embeddable":true,"href":"https:\/\/elluchador.info\/index.php?rest_route=%2Fwp%2Fv2%2Fcomments&post=284184"}],"version-history":[{"count":1,"href":"https:\/\/elluchador.info\/index.php?rest_route=\/wp\/v2\/posts\/284184\/revisions"}],"predecessor-version":[{"id":284186,"href":"https:\/\/elluchador.info\/index.php?rest_route=\/wp\/v2\/posts\/284184\/revisions\/284186"}],"wp:featuredmedia":[{"embeddable":true,"href":"https:\/\/elluchador.info\/index.php?rest_route=\/wp\/v2\/media\/284185"}],"wp:attachment":[{"href":"https:\/\/elluchador.info\/index.php?rest_route=%2Fwp%2Fv2%2Fmedia&parent=284184"}],"wp:term":[{"taxonomy":"category","embeddable":true,"href":"https:\/\/elluchador.info\/index.php?rest_route=%2Fwp%2Fv2%2Fcategories&post=284184"},{"taxonomy":"post_tag","embeddable":true,"href":"https:\/\/elluchador.info\/index.php?rest_route=%2Fwp%2Fv2%2Ftags&post=284184"}],"curies":[{"name":"wp","href":"https:\/\/api.w.org\/{rel}","templated":true}]}}