{"id":284334,"date":"2025-07-18T09:52:41","date_gmt":"2025-07-18T13:52:41","guid":{"rendered":"https:\/\/elluchador.info\/?p=284334"},"modified":"2025-07-18T09:52:45","modified_gmt":"2025-07-18T13:52:45","slug":"francia-retira-tropas-y-cierra-base-en-senegal","status":"publish","type":"post","link":"https:\/\/elluchador.info\/?p=284334","title":{"rendered":"Francia retira tropas y cierra base en Senegal"},"content":{"rendered":"\n<p>Tras 65 a\u00f1os, la presencia militar permanente de Francia en Senegal concluy\u00f3 oficialmente con una ceremonia solemne en el campamento Geille de Ouakam, Dakar. El evento cont\u00f3 con la presencia del jefe del Estado Mayor General de las Fuerzas Armadas senegalesas, Mbaye Ciss\u00e9, junto a altas autoridades militares, diplom\u00e1ticas y tradicionales de ambos pa\u00edses.<\/p>\n\n\n\n<p>En ese contexto, Ciss\u00e9 destac\u00f3 el resultado de \u201cvarios meses de discusiones fraternales\u201d, al subrayar la voluntad de Senegal de construir una \u201casociaci\u00f3n renovada\u201d con Francia. Este nuevo esquema de cooperaci\u00f3n se enfocar\u00e1 en instrucci\u00f3n, entrenamiento y formaci\u00f3n, con posibilidad de ampliarse a actividades estrat\u00e9gicas seg\u00fan las necesidades de las fuerzas senegalesas.<\/p>\n\n\n\n<p>\u201cFieles a sus principios, las Fuerzas Armadas senegalesas se comprometen a trabajar por el establecimiento efectivo de una asociaci\u00f3n eficaz y equilibrada, basada en el respeto mutuo y la soberan\u00eda de cada parte\u201d, declar\u00f3 Ciss\u00e9. Por su parte, el jefe del Comando \u00c1frica de Francia, Pascal Ianni, calific\u00f3 el momento como hist\u00f3rico: \u201cNos reunimos hoy para conmemorar la transferencia a las fuerzas armadas senegalesas del Campamento Geille, uno de los s\u00edmbolos m\u00e1s fuertes de la colaboraci\u00f3n militar entre Francia y Senegal\u201d.<\/p>\n\n\n\n<p>La retirada se realiz\u00f3 de manera gradual, bajo un cronograma negociado. Para finales de marzo de 2025, sitios como el Campamento Mar\u00e9chal y el Campamento Saint-Exup\u00e9ry fueron devueltos, mientras que el cuartel Contra-Amiral Protet y el Centro Conjunto de Comunicaciones de Rufisque pasaron a control senegal\u00e9s el 1 de julio.<\/p>\n\n\n\n<p>Con la entrega del campamento Geille, \u00faltimo basti\u00f3n franc\u00e9s, los Elementos Franceses en Senegal (EFS) cesaron oficialmente. Esta transici\u00f3n refleja una pol\u00edtica de seguridad basada en igualdad de condiciones. \u201cEsta profunda transformaci\u00f3n de nuestra relaci\u00f3n no supone una ruptura, sino el inicio de una nueva p\u00e1gina\u201d, afirm\u00f3 Ianni. A partir de ahora, la cooperaci\u00f3n se centrar\u00e1 en formaci\u00f3n y apoyo t\u00e9cnico, seg\u00fan las prioridades de Dakar.<\/p>\n\n\n\n<p>Con informaci\u00f3n <strong><em>Agencias.-<\/em><\/strong><\/p>\n","protected":false},"excerpt":{"rendered":"<p>Tras 65 a\u00f1os, la presencia militar permanente de Francia en Senegal concluy\u00f3 oficialmente con una ceremonia solemne en el campamento Geille de Ouakam, Dakar. El evento cont\u00f3 con la presencia del jefe del Estado Mayor General de las Fuerzas Armadas senegalesas, Mbaye Ciss\u00e9, junto a altas autoridades militares, diplom\u00e1ticas y tradicionales de ambos pa\u00edses. En [&hellip;]<\/p>\n","protected":false},"author":33,"featured_media":284335,"comment_status":"closed","ping_status":"closed","sticky":false,"template":"","format":"standard","meta":{"footnotes":""},"categories":[8],"tags":[708,4636,4635],"class_list":{"0":"post-284334","1":"post","2":"type-post","3":"status-publish","4":"format-standard","5":"has-post-thumbnail","7":"category-internacionales","8":"tag-francia","9":"tag-fuerzas-militares","10":"tag-senegal"},"_links":{"self":[{"href":"https:\/\/elluchador.info\/index.php?rest_route=\/wp\/v2\/posts\/284334","targetHints":{"allow":["GET"]}}],"collection":[{"href":"https:\/\/elluchador.info\/index.php?rest_route=\/wp\/v2\/posts"}],"about":[{"href":"https:\/\/elluchador.info\/index.php?rest_route=\/wp\/v2\/types\/post"}],"author":[{"embeddable":true,"href":"https:\/\/elluchador.info\/index.php?rest_route=\/wp\/v2\/users\/33"}],"replies":[{"embeddable":true,"href":"https:\/\/elluchador.info\/index.php?rest_route=%2Fwp%2Fv2%2Fcomments&post=284334"}],"version-history":[{"count":1,"href":"https:\/\/elluchador.info\/index.php?rest_route=\/wp\/v2\/posts\/284334\/revisions"}],"predecessor-version":[{"id":284336,"href":"https:\/\/elluchador.info\/index.php?rest_route=\/wp\/v2\/posts\/284334\/revisions\/284336"}],"wp:featuredmedia":[{"embeddable":true,"href":"https:\/\/elluchador.info\/index.php?rest_route=\/wp\/v2\/media\/284335"}],"wp:attachment":[{"href":"https:\/\/elluchador.info\/index.php?rest_route=%2Fwp%2Fv2%2Fmedia&parent=284334"}],"wp:term":[{"taxonomy":"category","embeddable":true,"href":"https:\/\/elluchador.info\/index.php?rest_route=%2Fwp%2Fv2%2Fcategories&post=284334"},{"taxonomy":"post_tag","embeddable":true,"href":"https:\/\/elluchador.info\/index.php?rest_route=%2Fwp%2Fv2%2Ftags&post=284334"}],"curies":[{"name":"wp","href":"https:\/\/api.w.org\/{rel}","templated":true}]}}