{"id":284337,"date":"2025-07-18T10:08:25","date_gmt":"2025-07-18T14:08:25","guid":{"rendered":"https:\/\/elluchador.info\/?p=284337"},"modified":"2025-07-18T10:08:45","modified_gmt":"2025-07-18T14:08:45","slug":"ejecutivo-nacional-establece-precios-justos-para-los-productores-de-cafe","status":"publish","type":"post","link":"https:\/\/elluchador.info\/?p=284337","title":{"rendered":"Ejecutivo nacional establece precios justos para los productores de caf\u00e9"},"content":{"rendered":"\n<p>La vicepresidenta Ejecutiva, Delcy Rodr\u00edguez G\u00f3mez, inform\u00f3 que se establecieron precios justos para los productores de caf\u00e9 con el fin de fortalecer la econom\u00eda comunal cafetalera nacional, en cumplimiento de las instrucciones del presidente de Venezuela, Nicol\u00e1s Maduro.<\/p>\n\n\n\n<p>Durante la Asamblea Nacional del <strong>Plan Comunal del Caf\u00e9 202<\/strong>5, Rodr\u00edguez destac\u00f3 que esta medida responde a la necesidad de corregir desequilibrios en la cadena de comercializaci\u00f3n del caf\u00e9, donde los productores no reciben una remuneraci\u00f3n adecuada por su trabajo. \u201cEl presidente Maduro nos instruy\u00f3 a garantizar precios justos para los cafetaleros, porque la industria no estaba pagando lo que correspond\u00eda\u201d, afirm\u00f3.<\/p>\n\n\n\n<p>Apunt\u00f3 que, como parte de esta iniciativa, se instalaron mesas de trabajo en las que se acordaron precios equitativos que reconocen el valor del esfuerzo campesino y promueven el fortalecimiento de la econom\u00eda comunal cafetalera.<\/p>\n\n\n\n<p>Detall\u00f3 que este proceso se ha complementado con el financiamiento del Consejo Federal de Gobierno (CFG), el Plan Gasoil y pol\u00edticas de precios solidarios, lo que ha permitido que los productores comunales se mantengan firmes y activos para consolidar el caf\u00e9 como una econom\u00eda fundamental dentro del Motor de la Econom\u00eda Comunal.<\/p>\n\n\n\n<p>Por otro lado, la vicepresidenta recalc\u00f3 adem\u00e1s el trabajo conjunto con el ministro del Poder Popular para las Comunas y Movimientos Sociales, \u00c1ngel Prado, en el encadenamiento productivo de las comunas. \u201cEl ganado que se tiene en Bol\u00edvar, Gu\u00e1rico y Zulia puede llegar directamente a los mataderos en Caracas, reduciendo los precios al eliminar la intermediaci\u00f3n. Lo mismo han solicitado los cafetaleros\u201d, acot\u00f3.<\/p>\n\n\n\n<p>Subray\u00f3 que la eliminaci\u00f3n de intermediarios permite conectar directamente las producciones comunales con el consumidor, para fortalecer el abastecimiento nacional. \u201cVamos encadenando la econom\u00eda comunal para garantizar precio y abastecimiento a nuestro pueblo, como manera eficiente para derrotar el bloqueo criminal. Es el pueblo organizado quien lo hace posible\u201d.<\/p>\n\n\n\n<p>Con informaci\u00f3n<strong><em> AVN<\/em><\/strong><\/p>\n","protected":false},"excerpt":{"rendered":"<p>La vicepresidenta Ejecutiva, Delcy Rodr\u00edguez G\u00f3mez, inform\u00f3 que se establecieron precios justos para los productores de caf\u00e9 con el fin de fortalecer la econom\u00eda comunal cafetalera nacional, en cumplimiento de las instrucciones del presidente de Venezuela, Nicol\u00e1s Maduro. Durante la Asamblea Nacional del Plan Comunal del Caf\u00e9 2025, Rodr\u00edguez destac\u00f3 que esta medida responde a [&hellip;]<\/p>\n","protected":false},"author":33,"featured_media":284339,"comment_status":"closed","ping_status":"closed","sticky":false,"template":"","format":"standard","meta":{"footnotes":""},"categories":[6],"tags":[364,1903],"class_list":{"0":"post-284337","1":"post","2":"type-post","3":"status-publish","4":"format-standard","5":"has-post-thumbnail","7":"category-economia","8":"tag-cafe","9":"tag-precios"},"_links":{"self":[{"href":"https:\/\/elluchador.info\/index.php?rest_route=\/wp\/v2\/posts\/284337","targetHints":{"allow":["GET"]}}],"collection":[{"href":"https:\/\/elluchador.info\/index.php?rest_route=\/wp\/v2\/posts"}],"about":[{"href":"https:\/\/elluchador.info\/index.php?rest_route=\/wp\/v2\/types\/post"}],"author":[{"embeddable":true,"href":"https:\/\/elluchador.info\/index.php?rest_route=\/wp\/v2\/users\/33"}],"replies":[{"embeddable":true,"href":"https:\/\/elluchador.info\/index.php?rest_route=%2Fwp%2Fv2%2Fcomments&post=284337"}],"version-history":[{"count":2,"href":"https:\/\/elluchador.info\/index.php?rest_route=\/wp\/v2\/posts\/284337\/revisions"}],"predecessor-version":[{"id":284340,"href":"https:\/\/elluchador.info\/index.php?rest_route=\/wp\/v2\/posts\/284337\/revisions\/284340"}],"wp:featuredmedia":[{"embeddable":true,"href":"https:\/\/elluchador.info\/index.php?rest_route=\/wp\/v2\/media\/284339"}],"wp:attachment":[{"href":"https:\/\/elluchador.info\/index.php?rest_route=%2Fwp%2Fv2%2Fmedia&parent=284337"}],"wp:term":[{"taxonomy":"category","embeddable":true,"href":"https:\/\/elluchador.info\/index.php?rest_route=%2Fwp%2Fv2%2Fcategories&post=284337"},{"taxonomy":"post_tag","embeddable":true,"href":"https:\/\/elluchador.info\/index.php?rest_route=%2Fwp%2Fv2%2Ftags&post=284337"}],"curies":[{"name":"wp","href":"https:\/\/api.w.org\/{rel}","templated":true}]}}