{"id":284489,"date":"2025-07-19T19:26:09","date_gmt":"2025-07-19T23:26:09","guid":{"rendered":"https:\/\/elluchador.info\/?p=284489"},"modified":"2025-07-19T19:26:13","modified_gmt":"2025-07-19T23:26:13","slug":"yulisbeth-garcia-participo-en-caminata-y-bailoterapia-por-la-paz-y-la-vida-en-caroni","status":"publish","type":"post","link":"https:\/\/elluchador.info\/?p=284489","title":{"rendered":"Yulisbeth Garc\u00eda particip\u00f3 en Caminata y Bailoterapia por la Paz y la Vida en Caron\u00ed"},"content":{"rendered":"\n<p>Como parte de la celebraci\u00f3n del 88 aniversario de la la Guardia Nacional Bolivariana (GNB), Yulisbeth Garc\u00eda, se sum\u00f3 este jueves a la Caminata y Bailoterapia por la Paz y la Vida, realizada, en el imponente Parque La Llovizna del municipio Caron\u00ed.<\/p>\n\n\n\n<p>La jornada cont\u00f3 con la participaci\u00f3n de destacadas personalidades, incluyendo al G\/D Miguel \u00c1ngel Yilales Arteaga, el G\/D Hern\u00e1ndez Aguirre, comandante de la Zona 62, y Yanny Alonzo, candidato a la Alcald\u00eda de Caron\u00ed por el Gran Polo Patri\u00f3tico Sim\u00f3n Bol\u00edvar. Diversos funcionarios y funcionarias de la Fuerza Armada Nacional, tambi\u00e9n estuvieron presentes, honrando y agradeciendo la labor diaria de estos hombres y mujeres por la protecci\u00f3n de la patria.<\/p>\n\n\n\n<p>\u00abFue un honor participar en esta iniciativa que promueve la paz y la vida en nuestra comunidad, al mismo tiempo que celebramos el 88 aniversario de nuestra gloriosa Guardia Nacional Bolivariana\u00bb, expres\u00f3 Yulisbeth Garc\u00eda. \u00ab\u00a1Dudar es traici\u00f3n. Somos un pueblo de paz!\u00bb.<\/p>\n\n\n\n<p>La actividad resalt\u00f3 el compromiso de la GNB con el bienestar de la ciudadan\u00eda y la importancia de la uni\u00f3n c\u00edvico-militar para el desarrollo de la naci\u00f3n.<\/p>\n\n\n\n<p>Con informaci\u00f3n de Prensa Gobernaci\u00f3n de Bol\u00edvar<\/p>\n","protected":false},"excerpt":{"rendered":"<p>Como parte de la celebraci\u00f3n del 88 aniversario de la la Guardia Nacional Bolivariana (GNB), Yulisbeth Garc\u00eda, se sum\u00f3 este jueves a la Caminata y Bailoterapia por la Paz y la Vida, realizada, en el imponente Parque La Llovizna del municipio Caron\u00ed. La jornada cont\u00f3 con la participaci\u00f3n de destacadas personalidades, incluyendo al G\/D Miguel [&hellip;]<\/p>\n","protected":false},"author":38,"featured_media":284490,"comment_status":"closed","ping_status":"closed","sticky":false,"template":"","format":"standard","meta":{"footnotes":""},"categories":[12],"tags":[185,306,105],"class_list":{"0":"post-284489","1":"post","2":"type-post","3":"status-publish","4":"format-standard","5":"has-post-thumbnail","7":"category-regionales","8":"tag-bolivar","9":"tag-ciudad-bolivar","10":"tag-venezuela"},"_links":{"self":[{"href":"https:\/\/elluchador.info\/index.php?rest_route=\/wp\/v2\/posts\/284489","targetHints":{"allow":["GET"]}}],"collection":[{"href":"https:\/\/elluchador.info\/index.php?rest_route=\/wp\/v2\/posts"}],"about":[{"href":"https:\/\/elluchador.info\/index.php?rest_route=\/wp\/v2\/types\/post"}],"author":[{"embeddable":true,"href":"https:\/\/elluchador.info\/index.php?rest_route=\/wp\/v2\/users\/38"}],"replies":[{"embeddable":true,"href":"https:\/\/elluchador.info\/index.php?rest_route=%2Fwp%2Fv2%2Fcomments&post=284489"}],"version-history":[{"count":1,"href":"https:\/\/elluchador.info\/index.php?rest_route=\/wp\/v2\/posts\/284489\/revisions"}],"predecessor-version":[{"id":284491,"href":"https:\/\/elluchador.info\/index.php?rest_route=\/wp\/v2\/posts\/284489\/revisions\/284491"}],"wp:featuredmedia":[{"embeddable":true,"href":"https:\/\/elluchador.info\/index.php?rest_route=\/wp\/v2\/media\/284490"}],"wp:attachment":[{"href":"https:\/\/elluchador.info\/index.php?rest_route=%2Fwp%2Fv2%2Fmedia&parent=284489"}],"wp:term":[{"taxonomy":"category","embeddable":true,"href":"https:\/\/elluchador.info\/index.php?rest_route=%2Fwp%2Fv2%2Fcategories&post=284489"},{"taxonomy":"post_tag","embeddable":true,"href":"https:\/\/elluchador.info\/index.php?rest_route=%2Fwp%2Fv2%2Ftags&post=284489"}],"curies":[{"name":"wp","href":"https:\/\/api.w.org\/{rel}","templated":true}]}}