{"id":284703,"date":"2025-07-22T09:05:33","date_gmt":"2025-07-22T13:05:33","guid":{"rendered":"https:\/\/elluchador.info\/?p=284703"},"modified":"2025-07-22T09:05:37","modified_gmt":"2025-07-22T13:05:37","slug":"ubv-bolivar-gradua-a-sus-primeros-profesionales-en-psicologia","status":"publish","type":"post","link":"https:\/\/elluchador.info\/?p=284703","title":{"rendered":"UBV Bol\u00edvar grad\u00faa a sus primeros profesionales en Psicolog\u00eda"},"content":{"rendered":"\n<p>\u200eLa Universidad Bolivariana de Venezuela (UBV), n\u00facleo Bol\u00edvar, celebrar\u00e1 este mi\u00e9rcoles 23 de julio un acto acad\u00e9mico hist\u00f3rico con la graduaci\u00f3n de los primeros 19 psic\u00f3logos y psic\u00f3logas egresados del Programa de Formaci\u00f3n de Grado en Psicolog\u00eda.<br>\u200e<br>\u200eLa ceremonia tendr\u00e1 lugar en el Teatro Cultural Angostura, a las 9:00 de la ma\u00f1ana, y marca un hito en el fortalecimiento del sistema de salud mental en el estado Bol\u00edvar. Desde su enfoque humanista, la UBV, conocida como la Casa de los Saberes, promueve una formaci\u00f3n \u00e9tica, transformadora y comprometida con las necesidades del pueblo.<br>\u200e<br>\u200eEsta primera cohorte de profesionales representa el compromiso institucional con la justicia social, la inclusi\u00f3n, el pensamiento cr\u00edtico y la construcci\u00f3n de una cultura de paz. Gracias a su preparaci\u00f3n acad\u00e9mica, los nuevos egresados est\u00e1n capacitados para acompa\u00f1ar procesos comunitarios y promover el bienestar desde una perspectiva sensible, territorial e integradora.<br>\u200e<br>\u200e<strong>Redacci\u00f3n<\/strong><\/p>\n","protected":false},"excerpt":{"rendered":"<p>\u200eLa Universidad Bolivariana de Venezuela (UBV), n\u00facleo Bol\u00edvar, celebrar\u00e1 este mi\u00e9rcoles 23 de julio un acto acad\u00e9mico hist\u00f3rico con la graduaci\u00f3n de los primeros 19 psic\u00f3logos y psic\u00f3logas egresados del Programa de Formaci\u00f3n de Grado en Psicolog\u00eda.\u200e\u200eLa ceremonia tendr\u00e1 lugar en el Teatro Cultural Angostura, a las 9:00 de la ma\u00f1ana, y marca un hito [&hellip;]<\/p>\n","protected":false},"author":2,"featured_media":284704,"comment_status":"closed","ping_status":"closed","sticky":false,"template":"","format":"standard","meta":{"footnotes":""},"categories":[2],"tags":[185,132,4655,4654,4656],"class_list":{"0":"post-284703","1":"post","2":"type-post","3":"status-publish","4":"format-standard","5":"has-post-thumbnail","7":"category-comunidad","8":"tag-bolivar","9":"tag-estudiantes","10":"tag-graduados","11":"tag-psicologia","12":"tag-ubv"},"_links":{"self":[{"href":"https:\/\/elluchador.info\/index.php?rest_route=\/wp\/v2\/posts\/284703","targetHints":{"allow":["GET"]}}],"collection":[{"href":"https:\/\/elluchador.info\/index.php?rest_route=\/wp\/v2\/posts"}],"about":[{"href":"https:\/\/elluchador.info\/index.php?rest_route=\/wp\/v2\/types\/post"}],"author":[{"embeddable":true,"href":"https:\/\/elluchador.info\/index.php?rest_route=\/wp\/v2\/users\/2"}],"replies":[{"embeddable":true,"href":"https:\/\/elluchador.info\/index.php?rest_route=%2Fwp%2Fv2%2Fcomments&post=284703"}],"version-history":[{"count":1,"href":"https:\/\/elluchador.info\/index.php?rest_route=\/wp\/v2\/posts\/284703\/revisions"}],"predecessor-version":[{"id":284705,"href":"https:\/\/elluchador.info\/index.php?rest_route=\/wp\/v2\/posts\/284703\/revisions\/284705"}],"wp:featuredmedia":[{"embeddable":true,"href":"https:\/\/elluchador.info\/index.php?rest_route=\/wp\/v2\/media\/284704"}],"wp:attachment":[{"href":"https:\/\/elluchador.info\/index.php?rest_route=%2Fwp%2Fv2%2Fmedia&parent=284703"}],"wp:term":[{"taxonomy":"category","embeddable":true,"href":"https:\/\/elluchador.info\/index.php?rest_route=%2Fwp%2Fv2%2Fcategories&post=284703"},{"taxonomy":"post_tag","embeddable":true,"href":"https:\/\/elluchador.info\/index.php?rest_route=%2Fwp%2Fv2%2Ftags&post=284703"}],"curies":[{"name":"wp","href":"https:\/\/api.w.org\/{rel}","templated":true}]}}