{"id":284706,"date":"2025-07-22T09:39:58","date_gmt":"2025-07-22T13:39:58","guid":{"rendered":"https:\/\/elluchador.info\/?p=284706"},"modified":"2025-07-22T09:40:02","modified_gmt":"2025-07-22T13:40:02","slug":"este-martes-22j-sera-el-segundo-dia-mas-corto-registrado-hasta-ahora","status":"publish","type":"post","link":"https:\/\/elluchador.info\/?p=284706","title":{"rendered":"Este martes 22J ser\u00e1 el segundo d\u00eda m\u00e1s corto registrado hasta ahora"},"content":{"rendered":"\n<p>Este 22 de julio el plantea Tierra realizar\u00e1 su segunda vuelta al sol m\u00e1s r\u00e1pido de la historia que se tiene registro hasta ahora, en la que el girar\u00e1 de forma veloz de lo normal.<\/p>\n\n\n\n<p>Un fen\u00f3meno poco com\u00fan podr\u00eda provocar ajustes in\u00e9ditos en la medici\u00f3n global del tiempo. Seg\u00fan Space.com, el d\u00eda de hoy, la Tierra girar\u00e1 m\u00e1s r\u00e1pido: <em>el planeta completar\u00e1 su rotaci\u00f3n en 1,34 milisegundos menos que las tradicionales 24 horas<\/em>.<\/p>\n\n\n\n<p>Este dato, observado desde 1973, capt\u00f3 la atenci\u00f3n de la comunidad cient\u00edfica y podr\u00eda implicar la necesidad de restar un segundo a los relojes at\u00f3micos en el futuro, ajuste conocido como \u201csegundo bisiesto negativo\u201d, nunca implementado hasta la fecha, seg\u00fan inform\u00f3 el medio Space.com.<\/p>\n\n\n\n<p>La duraci\u00f3n de los d\u00edas cambi\u00f3 por distintos factores a lo largo de millones de a\u00f1os. Seg\u00fan el medio con sede en Nueva York, la principal causa de desaceleraci\u00f3n fue la fricci\u00f3n de las mareas lunares. A medida que la Luna se aleja de la Tierra, extrae parte de su energ\u00eda rotacional, lo que alarga los d\u00edas de forma gradual. <\/p>\n\n\n\n<p>Sin embargo, en los \u00faltimos a\u00f1os, los cient\u00edficos detectaron una aceleraci\u00f3n de la rotaci\u00f3n planetaria, lo que acorta los d\u00edas y no se ajusta a los modelos oce\u00e1nicos y atmosf\u00e9ricos actuales, generando debate acerca de las causas detr\u00e1s de este cambio inesperado.<\/p>\n\n\n\n<p>Con informaci\u00f3n<strong> UR<\/strong><\/p>\n","protected":false},"excerpt":{"rendered":"<p>Este 22 de julio el plantea Tierra realizar\u00e1 su segunda vuelta al sol m\u00e1s r\u00e1pido de la historia que se tiene registro hasta ahora, en la que el girar\u00e1 de forma veloz de lo normal. Un fen\u00f3meno poco com\u00fan podr\u00eda provocar ajustes in\u00e9ditos en la medici\u00f3n global del tiempo. Seg\u00fan Space.com, el d\u00eda de hoy, [&hellip;]<\/p>\n","protected":false},"author":33,"featured_media":284707,"comment_status":"closed","ping_status":"closed","sticky":false,"template":"","format":"standard","meta":{"footnotes":""},"categories":[3],"tags":[4573,2096],"class_list":{"0":"post-284706","1":"post","2":"type-post","3":"status-publish","4":"format-standard","5":"has-post-thumbnail","7":"category-curiosidades","8":"tag-corto","9":"tag-tierra"},"_links":{"self":[{"href":"https:\/\/elluchador.info\/index.php?rest_route=\/wp\/v2\/posts\/284706","targetHints":{"allow":["GET"]}}],"collection":[{"href":"https:\/\/elluchador.info\/index.php?rest_route=\/wp\/v2\/posts"}],"about":[{"href":"https:\/\/elluchador.info\/index.php?rest_route=\/wp\/v2\/types\/post"}],"author":[{"embeddable":true,"href":"https:\/\/elluchador.info\/index.php?rest_route=\/wp\/v2\/users\/33"}],"replies":[{"embeddable":true,"href":"https:\/\/elluchador.info\/index.php?rest_route=%2Fwp%2Fv2%2Fcomments&post=284706"}],"version-history":[{"count":1,"href":"https:\/\/elluchador.info\/index.php?rest_route=\/wp\/v2\/posts\/284706\/revisions"}],"predecessor-version":[{"id":284708,"href":"https:\/\/elluchador.info\/index.php?rest_route=\/wp\/v2\/posts\/284706\/revisions\/284708"}],"wp:featuredmedia":[{"embeddable":true,"href":"https:\/\/elluchador.info\/index.php?rest_route=\/wp\/v2\/media\/284707"}],"wp:attachment":[{"href":"https:\/\/elluchador.info\/index.php?rest_route=%2Fwp%2Fv2%2Fmedia&parent=284706"}],"wp:term":[{"taxonomy":"category","embeddable":true,"href":"https:\/\/elluchador.info\/index.php?rest_route=%2Fwp%2Fv2%2Fcategories&post=284706"},{"taxonomy":"post_tag","embeddable":true,"href":"https:\/\/elluchador.info\/index.php?rest_route=%2Fwp%2Fv2%2Ftags&post=284706"}],"curies":[{"name":"wp","href":"https:\/\/api.w.org\/{rel}","templated":true}]}}