{"id":284713,"date":"2025-07-22T09:57:59","date_gmt":"2025-07-22T13:57:59","guid":{"rendered":"https:\/\/elluchador.info\/?p=284713"},"modified":"2025-07-22T09:58:06","modified_gmt":"2025-07-22T13:58:06","slug":"en-residencias-la-esmeralda-piden-recoleccion-de-basura","status":"publish","type":"post","link":"https:\/\/elluchador.info\/?p=284713","title":{"rendered":"En residencias La Esmeralda piden recolecci\u00f3n de basura"},"content":{"rendered":"\n<p>\u200eUna situaci\u00f3n de insalubridad mantiene en alerta a vecinos de residencia La Esmeralda, ubicada al final del Paseo G\u00e1spari, debido a que desde hace varias semanas el servicio de aseo urbano dej\u00f3 de pasar y el c\u00famulo de basura en diversas torres es alarmante, lo que ponen en riesgo la salud de quienes all\u00ed habitan.<br>\u200e<br>\u200eBolsas de basura de diversos tama\u00f1os, agua estancada, olores f\u00e9tidos, mosquitos y roedores est\u00e1n a la orden del d\u00eda en los dep\u00f3sitos de desechos de las torres afectadas.<br>\u200e<br>\u200e\u201cDesde hace varias semanas el servicio de aseo urbano dej\u00f3 de pasar por el conjunto residencial. Estamos expuestos a la contaminaci\u00f3n. Es insoportable permanecer en nuestros apartamentos debido a la penetraci\u00f3n de olores nauseabundos. En pocos d\u00edas hemos visto roedores por el edificio, adem\u00e1s de plagas y mosquitos. Los bajantes est\u00e1n colapsados y con las lluvias de los \u00faltimos d\u00edas los dep\u00f3sitos de basura se han anegado de agua\u201d, detall\u00f3 Carmen Garc\u00eda, habitante del lugar.<br>\u200e<br>\u200eVecinos afectados aseguraron que hace varios d\u00edas entr\u00f3 uno de los camiones recolectores de basura a la residencia, sin embargo, \u201csolo se llevaron desechos de las primeras torres, el resto qued\u00f3 en una situaci\u00f3n m\u00e1s cr\u00edtica porque, lamentablemente, quienes aqu\u00ed viven deben deshacerse de la basura por sus propios medios\u201d.<br>\u200e<br>\u200eAnte esta situaci\u00f3n, quienes habitan en la residencia La Esmeralda hacen un llamado a las autoridades competentes a fin de que se d\u00e9 soluci\u00f3n inmediata y evitar un problema de salud p\u00fablica.<br>\u200e<br>\u200e<br>\u200e<br><strong>\u200eGledis Bonilla<\/strong><\/p>\n","protected":false},"excerpt":{"rendered":"<p>\u200eUna situaci\u00f3n de insalubridad mantiene en alerta a vecinos de residencia La Esmeralda, ubicada al final del Paseo G\u00e1spari, debido a que desde hace varias semanas el servicio de aseo urbano dej\u00f3 de pasar y el c\u00famulo de basura en diversas torres es alarmante, lo que ponen en riesgo la salud de quienes all\u00ed habitan.\u200e\u200eBolsas [&hellip;]<\/p>\n","protected":false},"author":33,"featured_media":284714,"comment_status":"closed","ping_status":"closed","sticky":false,"template":"","format":"standard","meta":{"footnotes":""},"categories":[2],"tags":[185,3059],"class_list":{"0":"post-284713","1":"post","2":"type-post","3":"status-publish","4":"format-standard","5":"has-post-thumbnail","7":"category-comunidad","8":"tag-bolivar","9":"tag-la-esmeralda"},"_links":{"self":[{"href":"https:\/\/elluchador.info\/index.php?rest_route=\/wp\/v2\/posts\/284713","targetHints":{"allow":["GET"]}}],"collection":[{"href":"https:\/\/elluchador.info\/index.php?rest_route=\/wp\/v2\/posts"}],"about":[{"href":"https:\/\/elluchador.info\/index.php?rest_route=\/wp\/v2\/types\/post"}],"author":[{"embeddable":true,"href":"https:\/\/elluchador.info\/index.php?rest_route=\/wp\/v2\/users\/33"}],"replies":[{"embeddable":true,"href":"https:\/\/elluchador.info\/index.php?rest_route=%2Fwp%2Fv2%2Fcomments&post=284713"}],"version-history":[{"count":1,"href":"https:\/\/elluchador.info\/index.php?rest_route=\/wp\/v2\/posts\/284713\/revisions"}],"predecessor-version":[{"id":284715,"href":"https:\/\/elluchador.info\/index.php?rest_route=\/wp\/v2\/posts\/284713\/revisions\/284715"}],"wp:featuredmedia":[{"embeddable":true,"href":"https:\/\/elluchador.info\/index.php?rest_route=\/wp\/v2\/media\/284714"}],"wp:attachment":[{"href":"https:\/\/elluchador.info\/index.php?rest_route=%2Fwp%2Fv2%2Fmedia&parent=284713"}],"wp:term":[{"taxonomy":"category","embeddable":true,"href":"https:\/\/elluchador.info\/index.php?rest_route=%2Fwp%2Fv2%2Fcategories&post=284713"},{"taxonomy":"post_tag","embeddable":true,"href":"https:\/\/elluchador.info\/index.php?rest_route=%2Fwp%2Fv2%2Ftags&post=284713"}],"curies":[{"name":"wp","href":"https:\/\/api.w.org\/{rel}","templated":true}]}}