{"id":284720,"date":"2025-07-22T10:17:23","date_gmt":"2025-07-22T14:17:23","guid":{"rendered":"https:\/\/elluchador.info\/?p=284720"},"modified":"2025-07-22T10:17:26","modified_gmt":"2025-07-22T14:17:26","slug":"al-menos-76-familias-han-sido-afectadas-por-crecida-del-rio-orinoco-en-ciudad-bolivar","status":"publish","type":"post","link":"https:\/\/elluchador.info\/?p=284720","title":{"rendered":"Al menos 76 familias han sido afectadas por crecida del r\u00edo Orinoco en Ciudad Bol\u00edvar"},"content":{"rendered":"\n<p>En una entrevista concedida al programa <em>Al Instante que transmite Uni\u00f3n Radio<\/em>, el alcalde del municipio Angostura del Orinoco, Sergio Hern\u00e1ndez, inform\u00f3 que se mantienen desplegados a lo largo y ancho de la entidad tras decretarse la \u00abalerta amarilla\u00bb por la crecida del r\u00edo Orinoco.<\/p>\n\n\n\n<p>\u00abHace una semana estuvimos pr\u00e1cticamente en <strong><mark style=\"background-color:rgba(0, 0, 0, 0)\" class=\"has-inline-color has-vivid-green-cyan-color\">alerta verde<\/mark><\/strong> y nos permiti\u00f3 tomar las previsiones del caso\u00bb, dijo al mismo tiempo que asegur\u00f3 que hasta ahora \u00abno tenemos nada que lamentar\u00bb.<\/p>\n\n\n\n<p>El mandatario municipal precis\u00f3 que 76 familias resultaron afectadas en la entidad por la crecida del r\u00edo. Asimismo, resalt\u00f3 el trabajo conjunto que han realizado los distintos niveles de gobierno para atender a los perjudicados.<\/p>\n","protected":false},"excerpt":{"rendered":"<p>En una entrevista concedida al programa Al Instante que transmite Uni\u00f3n Radio, el alcalde del municipio Angostura del Orinoco, Sergio Hern\u00e1ndez, inform\u00f3 que se mantienen desplegados a lo largo y ancho de la entidad tras decretarse la \u00abalerta amarilla\u00bb por la crecida del r\u00edo Orinoco. \u00abHace una semana estuvimos pr\u00e1cticamente en alerta verde y nos [&hellip;]<\/p>\n","protected":false},"author":33,"featured_media":284721,"comment_status":"closed","ping_status":"closed","sticky":false,"template":"","format":"standard","meta":{"footnotes":""},"categories":[12],"tags":[185,4559],"class_list":{"0":"post-284720","1":"post","2":"type-post","3":"status-publish","4":"format-standard","5":"has-post-thumbnail","7":"category-regionales","8":"tag-bolivar","9":"tag-rio-orinoco-2"},"_links":{"self":[{"href":"https:\/\/elluchador.info\/index.php?rest_route=\/wp\/v2\/posts\/284720","targetHints":{"allow":["GET"]}}],"collection":[{"href":"https:\/\/elluchador.info\/index.php?rest_route=\/wp\/v2\/posts"}],"about":[{"href":"https:\/\/elluchador.info\/index.php?rest_route=\/wp\/v2\/types\/post"}],"author":[{"embeddable":true,"href":"https:\/\/elluchador.info\/index.php?rest_route=\/wp\/v2\/users\/33"}],"replies":[{"embeddable":true,"href":"https:\/\/elluchador.info\/index.php?rest_route=%2Fwp%2Fv2%2Fcomments&post=284720"}],"version-history":[{"count":1,"href":"https:\/\/elluchador.info\/index.php?rest_route=\/wp\/v2\/posts\/284720\/revisions"}],"predecessor-version":[{"id":284722,"href":"https:\/\/elluchador.info\/index.php?rest_route=\/wp\/v2\/posts\/284720\/revisions\/284722"}],"wp:featuredmedia":[{"embeddable":true,"href":"https:\/\/elluchador.info\/index.php?rest_route=\/wp\/v2\/media\/284721"}],"wp:attachment":[{"href":"https:\/\/elluchador.info\/index.php?rest_route=%2Fwp%2Fv2%2Fmedia&parent=284720"}],"wp:term":[{"taxonomy":"category","embeddable":true,"href":"https:\/\/elluchador.info\/index.php?rest_route=%2Fwp%2Fv2%2Fcategories&post=284720"},{"taxonomy":"post_tag","embeddable":true,"href":"https:\/\/elluchador.info\/index.php?rest_route=%2Fwp%2Fv2%2Ftags&post=284720"}],"curies":[{"name":"wp","href":"https:\/\/api.w.org\/{rel}","templated":true}]}}