{"id":284740,"date":"2025-07-22T13:10:03","date_gmt":"2025-07-22T17:10:03","guid":{"rendered":"https:\/\/elluchador.info\/?p=284740"},"modified":"2025-07-22T13:10:13","modified_gmt":"2025-07-22T17:10:13","slug":"el-diablo-viste-a-la-moda-2-primer-vistazo-de-anne-hathaway-como-andy-sachs","status":"publish","type":"post","link":"https:\/\/elluchador.info\/?p=284740","title":{"rendered":"\u201cEl diablo viste a la moda 2\u201d: Primer vistazo de Anne Hathaway como Andy Sachs"},"content":{"rendered":"\n<p>Anne Hathaway como Andy Sachs en el rodaje de \u201cEl diablo viste a la moda 2\u201d ha regresado con fuerza. Este lunes 21 de julio, se revelaron las primeras im\u00e1genes en la Gran Manzana de Nueva York de la actriz en el papel de la periodista, ahora m\u00e1s madura y con estilismos renovados acordes a la \u00e9poca.<\/p>\n\n\n\n<p>Casi 20 a\u00f1os despu\u00e9s del estreno original, la reconocida estadounidense public\u00f3 en su cuenta oficial de Instagram una foto de cuerpo completo, donde luce un chaleco y pantalones de rayas, combinado con un par de botas negras y un collar de perlas.<\/p>\n\n\n\n<p>Adem\u00e1s de ese post, en redes e internet tambi\u00e9n circulan otras combinaciones que podr\u00edan formar parte de esta esperada, que llegar\u00e1 a los cines el 1 de mayo de 2026 y contar\u00e1 con el reparto original as\u00ed como Meryl Streep y Emily Blunt.<\/p>\n\n\n<div class=\"wp-block-image\">\n<figure class=\"aligncenter size-large is-resized\"><img loading=\"lazy\" decoding=\"async\" width=\"1024\" height=\"678\" src=\"https:\/\/elluchador.info\/wp-content\/uploads\/2025\/07\/anne-hathaway-89830-1024x678.jpg\" alt=\"\" class=\"wp-image-284741\" style=\"width:616px;height:auto\" srcset=\"https:\/\/elluchador.info\/wp-content\/uploads\/2025\/07\/anne-hathaway-89830-1024x678.jpg 1024w, https:\/\/elluchador.info\/wp-content\/uploads\/2025\/07\/anne-hathaway-89830-300x199.jpg 300w, https:\/\/elluchador.info\/wp-content\/uploads\/2025\/07\/anne-hathaway-89830-768x508.jpg 768w, https:\/\/elluchador.info\/wp-content\/uploads\/2025\/07\/anne-hathaway-89830-150x99.jpg 150w, https:\/\/elluchador.info\/wp-content\/uploads\/2025\/07\/anne-hathaway-89830-696x461.jpg 696w, https:\/\/elluchador.info\/wp-content\/uploads\/2025\/07\/anne-hathaway-89830-1068x707.jpg 1068w, https:\/\/elluchador.info\/wp-content\/uploads\/2025\/07\/anne-hathaway-89830.jpg 1242w\" sizes=\"auto, (max-width: 1024px) 100vw, 1024px\" \/><\/figure>\n<\/div>\n\n\n<p>Al final de la primera pel\u00edcula, Andy Sachs abandona la revista Runway y decide unirse a un importante peri\u00f3dico de New York. Sin embargo, hasta el momento se desconoce qu\u00e9 rumbo tomar\u00e1 el personaje de Hathaway durante la segunda parte, seg\u00fan explica Variety.<\/p>\n\n\n\n<p>Mientras llega la segunda entrega, realizamos una recopilaci\u00f3n de los looks m\u00e1s resaltantes de la pel\u00edcula de 2006 y aquellos que prometen cautivar en \u201cEl Diablo viste de Prada 2\u201d.<\/p>\n\n\n\n<p>Con informaci\u00f3n <strong><em>Agencias.-<\/em><\/strong><\/p>\n","protected":false},"excerpt":{"rendered":"<p>Anne Hathaway como Andy Sachs en el rodaje de \u201cEl diablo viste a la moda 2\u201d ha regresado con fuerza. Este lunes 21 de julio, se revelaron las primeras im\u00e1genes en la Gran Manzana de Nueva York de la actriz en el papel de la periodista, ahora m\u00e1s madura y con estilismos renovados acordes a [&hellip;]<\/p>\n","protected":false},"author":33,"featured_media":284742,"comment_status":"closed","ping_status":"closed","sticky":false,"template":"","format":"standard","meta":{"footnotes":""},"categories":[7],"tags":[4662,4520,2133],"class_list":{"0":"post-284740","1":"post","2":"type-post","3":"status-publish","4":"format-standard","5":"has-post-thumbnail","7":"category-entretenimiento","8":"tag-anne-hathaway","9":"tag-el-diablo-viste-a-la-moda","10":"tag-filme"},"_links":{"self":[{"href":"https:\/\/elluchador.info\/index.php?rest_route=\/wp\/v2\/posts\/284740","targetHints":{"allow":["GET"]}}],"collection":[{"href":"https:\/\/elluchador.info\/index.php?rest_route=\/wp\/v2\/posts"}],"about":[{"href":"https:\/\/elluchador.info\/index.php?rest_route=\/wp\/v2\/types\/post"}],"author":[{"embeddable":true,"href":"https:\/\/elluchador.info\/index.php?rest_route=\/wp\/v2\/users\/33"}],"replies":[{"embeddable":true,"href":"https:\/\/elluchador.info\/index.php?rest_route=%2Fwp%2Fv2%2Fcomments&post=284740"}],"version-history":[{"count":1,"href":"https:\/\/elluchador.info\/index.php?rest_route=\/wp\/v2\/posts\/284740\/revisions"}],"predecessor-version":[{"id":284743,"href":"https:\/\/elluchador.info\/index.php?rest_route=\/wp\/v2\/posts\/284740\/revisions\/284743"}],"wp:featuredmedia":[{"embeddable":true,"href":"https:\/\/elluchador.info\/index.php?rest_route=\/wp\/v2\/media\/284742"}],"wp:attachment":[{"href":"https:\/\/elluchador.info\/index.php?rest_route=%2Fwp%2Fv2%2Fmedia&parent=284740"}],"wp:term":[{"taxonomy":"category","embeddable":true,"href":"https:\/\/elluchador.info\/index.php?rest_route=%2Fwp%2Fv2%2Fcategories&post=284740"},{"taxonomy":"post_tag","embeddable":true,"href":"https:\/\/elluchador.info\/index.php?rest_route=%2Fwp%2Fv2%2Ftags&post=284740"}],"curies":[{"name":"wp","href":"https:\/\/api.w.org\/{rel}","templated":true}]}}