{"id":284834,"date":"2025-07-23T10:11:07","date_gmt":"2025-07-23T14:11:07","guid":{"rendered":"https:\/\/elluchador.info\/?p=284834"},"modified":"2025-07-23T10:11:38","modified_gmt":"2025-07-23T14:11:38","slug":"activan-el-control-de-riesgo-urra-en-el-municipio-caroni","status":"publish","type":"post","link":"https:\/\/elluchador.info\/?p=284834","title":{"rendered":"Activan el Control de Riesgo URRA en el municipio Caron\u00ed"},"content":{"rendered":"\n<p>Este mi\u00e9rcoles los cuerpos de seguridad y prevenci\u00f3n conformada por la Fuerza Armada Nacional Bolivariana, Protecci\u00f3n Civil, Polic\u00eda del estado Bol\u00edvar y dem\u00e1s autoridades municipales y regionales, realizaron la activaci\u00f3n del Control de Riesgo URRA en el municipio Caron\u00ed, enmarcado a los protocolos de prevenci\u00f3n ante crecida del r\u00edo Orinoco.<\/p>\n\n\n\n<p>En este sentido, el Ministro de Obras P\u00fablicas Ing. Juan Jos\u00e9 Ram\u00edrez, la Gobernadora del estado Bol\u00edvar Yulisbeth Garc\u00eda y el GD. Rafael Hern\u00e1ndez Aguirre, Comandante de Zona 62 Bol\u00edvar, inspeccionaron y evaluaron, junto al poder popular, algunas \u00e1reas afectadas por el aumento del caudal del r\u00edo Caron\u00ed.<\/p>\n\n\n<div class=\"wp-block-image\">\n<figure class=\"aligncenter size-large is-resized\"><img loading=\"lazy\" decoding=\"async\" width=\"819\" height=\"1024\" src=\"https:\/\/elluchador.info\/wp-content\/uploads\/2025\/07\/post-gnb_czbolivar-jul-23-2025-2-819x1024.jpeg\" alt=\"\" class=\"wp-image-284835\" style=\"width:458px;height:auto\" srcset=\"https:\/\/elluchador.info\/wp-content\/uploads\/2025\/07\/post-gnb_czbolivar-jul-23-2025-2-819x1024.jpeg 819w, https:\/\/elluchador.info\/wp-content\/uploads\/2025\/07\/post-gnb_czbolivar-jul-23-2025-2-240x300.jpeg 240w, https:\/\/elluchador.info\/wp-content\/uploads\/2025\/07\/post-gnb_czbolivar-jul-23-2025-2-768x960.jpeg 768w, https:\/\/elluchador.info\/wp-content\/uploads\/2025\/07\/post-gnb_czbolivar-jul-23-2025-2-1229x1536.jpeg 1229w, https:\/\/elluchador.info\/wp-content\/uploads\/2025\/07\/post-gnb_czbolivar-jul-23-2025-2-150x188.jpeg 150w, https:\/\/elluchador.info\/wp-content\/uploads\/2025\/07\/post-gnb_czbolivar-jul-23-2025-2-300x375.jpeg 300w, https:\/\/elluchador.info\/wp-content\/uploads\/2025\/07\/post-gnb_czbolivar-jul-23-2025-2-696x870.jpeg 696w, https:\/\/elluchador.info\/wp-content\/uploads\/2025\/07\/post-gnb_czbolivar-jul-23-2025-2-1068x1335.jpeg 1068w, https:\/\/elluchador.info\/wp-content\/uploads\/2025\/07\/post-gnb_czbolivar-jul-23-2025-2.jpeg 1440w\" sizes=\"auto, (max-width: 819px) 100vw, 819px\" \/><\/figure>\n<\/div>\n\n\n<p>Por otro lado, iniciaron la instalaci\u00f3n de sacos de contenci\u00f3n en las \u00e1reas m\u00e1s susceptibles en aras de minimizar la afectaci\u00f3n de dicha comunidad por una posible crecida del r\u00edo.<\/p>\n\n\n<div class=\"wp-block-image\">\n<figure class=\"aligncenter size-large is-resized\"><img loading=\"lazy\" decoding=\"async\" width=\"819\" height=\"1024\" src=\"https:\/\/elluchador.info\/wp-content\/uploads\/2025\/07\/post-gnb_czbolivar-jul-23-2025-1-819x1024.jpeg\" alt=\"\" class=\"wp-image-284836\" style=\"width:518px;height:auto\" srcset=\"https:\/\/elluchador.info\/wp-content\/uploads\/2025\/07\/post-gnb_czbolivar-jul-23-2025-1-819x1024.jpeg 819w, https:\/\/elluchador.info\/wp-content\/uploads\/2025\/07\/post-gnb_czbolivar-jul-23-2025-1-240x300.jpeg 240w, https:\/\/elluchador.info\/wp-content\/uploads\/2025\/07\/post-gnb_czbolivar-jul-23-2025-1-768x960.jpeg 768w, https:\/\/elluchador.info\/wp-content\/uploads\/2025\/07\/post-gnb_czbolivar-jul-23-2025-1-1229x1536.jpeg 1229w, https:\/\/elluchador.info\/wp-content\/uploads\/2025\/07\/post-gnb_czbolivar-jul-23-2025-1-150x188.jpeg 150w, https:\/\/elluchador.info\/wp-content\/uploads\/2025\/07\/post-gnb_czbolivar-jul-23-2025-1-300x375.jpeg 300w, https:\/\/elluchador.info\/wp-content\/uploads\/2025\/07\/post-gnb_czbolivar-jul-23-2025-1-696x870.jpeg 696w, https:\/\/elluchador.info\/wp-content\/uploads\/2025\/07\/post-gnb_czbolivar-jul-23-2025-1-1068x1335.jpeg 1068w, https:\/\/elluchador.info\/wp-content\/uploads\/2025\/07\/post-gnb_czbolivar-jul-23-2025-1.jpeg 1440w\" sizes=\"auto, (max-width: 819px) 100vw, 819px\" \/><\/figure>\n<\/div>\n\n\n<p>Para este 23 de julio el nivel del r\u00edo Caron\u00ed amaneci\u00f3 en 11.67 m.s.n.m. y en 2018 siendo estuvo en 11.23 m.s.n.m.<\/p>\n\n\n\n<p>Con informaci\u00f3n de <strong>GNB<\/strong><\/p>\n","protected":false},"excerpt":{"rendered":"<p>Este mi\u00e9rcoles los cuerpos de seguridad y prevenci\u00f3n conformada por la Fuerza Armada Nacional Bolivariana, Protecci\u00f3n Civil, Polic\u00eda del estado Bol\u00edvar y dem\u00e1s autoridades municipales y regionales, realizaron la activaci\u00f3n del Control de Riesgo URRA en el municipio Caron\u00ed, enmarcado a los protocolos de prevenci\u00f3n ante crecida del r\u00edo Orinoco. En este sentido, el Ministro [&hellip;]<\/p>\n","protected":false},"author":33,"featured_media":284837,"comment_status":"closed","ping_status":"closed","sticky":false,"template":"","format":"standard","meta":{"footnotes":""},"categories":[5,12],"tags":[185,379,4559],"class_list":{"0":"post-284834","1":"post","2":"type-post","3":"status-publish","4":"format-standard","5":"has-post-thumbnail","7":"category-destacado","8":"category-regionales","9":"tag-bolivar","10":"tag-caroni","11":"tag-rio-orinoco-2"},"_links":{"self":[{"href":"https:\/\/elluchador.info\/index.php?rest_route=\/wp\/v2\/posts\/284834","targetHints":{"allow":["GET"]}}],"collection":[{"href":"https:\/\/elluchador.info\/index.php?rest_route=\/wp\/v2\/posts"}],"about":[{"href":"https:\/\/elluchador.info\/index.php?rest_route=\/wp\/v2\/types\/post"}],"author":[{"embeddable":true,"href":"https:\/\/elluchador.info\/index.php?rest_route=\/wp\/v2\/users\/33"}],"replies":[{"embeddable":true,"href":"https:\/\/elluchador.info\/index.php?rest_route=%2Fwp%2Fv2%2Fcomments&post=284834"}],"version-history":[{"count":1,"href":"https:\/\/elluchador.info\/index.php?rest_route=\/wp\/v2\/posts\/284834\/revisions"}],"predecessor-version":[{"id":284838,"href":"https:\/\/elluchador.info\/index.php?rest_route=\/wp\/v2\/posts\/284834\/revisions\/284838"}],"wp:featuredmedia":[{"embeddable":true,"href":"https:\/\/elluchador.info\/index.php?rest_route=\/wp\/v2\/media\/284837"}],"wp:attachment":[{"href":"https:\/\/elluchador.info\/index.php?rest_route=%2Fwp%2Fv2%2Fmedia&parent=284834"}],"wp:term":[{"taxonomy":"category","embeddable":true,"href":"https:\/\/elluchador.info\/index.php?rest_route=%2Fwp%2Fv2%2Fcategories&post=284834"},{"taxonomy":"post_tag","embeddable":true,"href":"https:\/\/elluchador.info\/index.php?rest_route=%2Fwp%2Fv2%2Ftags&post=284834"}],"curies":[{"name":"wp","href":"https:\/\/api.w.org\/{rel}","templated":true}]}}