{"id":284839,"date":"2025-07-23T10:17:30","date_gmt":"2025-07-23T14:17:30","guid":{"rendered":"https:\/\/elluchador.info\/?p=284839"},"modified":"2025-07-23T10:17:46","modified_gmt":"2025-07-23T14:17:46","slug":"este-miercoles-la-fanb-toma-centros-de-votacion-por-elecciones-del-27j","status":"publish","type":"post","link":"https:\/\/elluchador.info\/?p=284839","title":{"rendered":"Este mi\u00e9rcoles la FANB toma centros de votaci\u00f3n por elecciones del 27J"},"content":{"rendered":"\n<p>El ministro de la Defensa, G\/J Vladimir Padrino L\u00f3pez, indic\u00f3 que a partir de este mi\u00e9rcoles, los efectivos de la Fuerza Armada Nacional Bolivariana (FANB) se desplegar\u00e1 en el marco del Plan Rep\u00fablica para la toma de los centros electorales, esto de cara a los procesos de elecciones municipales y consulta popular que se llevar\u00e1n a cabo este domingo 27 de julio.<\/p>\n\n\n\n<p>A trav\u00e9s de sus redes sociales, Padrino L\u00f3pez indic\u00f3 que la FANB estar\u00e1 custodiando m\u00e1s de 15 mil centros electorales que servir\u00e1n este domingo.<\/p>\n\n\n\n<p>\u201cEl Plan Rep\u00fablica est\u00e1 preparado ya, desde ma\u00f1ana (martes 23), para tomar todos los centros de votaci\u00f3n; m\u00e1s de 15 mil centros de votaci\u00f3n van a ser ocupados por la FANB para custodiar el material, para proveer la seguridad a la ciudadan\u00eda, a los votantes\u201d, se\u00f1al\u00f3.<\/p>\n\n\n\n<p>Los uniformados tambi\u00e9n estar\u00e1n custodiando los centros de votaci\u00f3n para cuando se lleven a cabo las elecciones de los concejales ind\u00edgenas; un proceso que generalmente se realiza d\u00edas despu\u00e9s.<\/p>\n\n\n\n<p>El ministro Padrino L\u00f3pez aprovech\u00f3 para indicar que la FANB est\u00e1 \u201cnavegando rumbo a los 202 a\u00f1os de aquel hecho \u00e9pico en el mar, espec\u00edficamente en el Lago de Maracaibo, que es el d\u00eda de nuestra Armada Bolivariana\u201d.<\/p>\n\n\n\n<p>Adelant\u00f3 que la instituci\u00f3n prepara una actividad conmemorativa, que permitir\u00e1 mostrar las capacidades del componente naval.<\/p>\n\n\n\n<p>Con informaci\u00f3n <strong>\u00daR<\/strong><\/p>\n","protected":false},"excerpt":{"rendered":"<p>El ministro de la Defensa, G\/J Vladimir Padrino L\u00f3pez, indic\u00f3 que a partir de este mi\u00e9rcoles, los efectivos de la Fuerza Armada Nacional Bolivariana (FANB) se desplegar\u00e1 en el marco del Plan Rep\u00fablica para la toma de los centros electorales, esto de cara a los procesos de elecciones municipales y consulta popular que se llevar\u00e1n [&hellip;]<\/p>\n","protected":false},"author":33,"featured_media":284840,"comment_status":"closed","ping_status":"closed","sticky":false,"template":"","format":"standard","meta":{"footnotes":""},"categories":[9],"tags":[162,285,1699,1535],"class_list":{"0":"post-284839","1":"post","2":"type-post","3":"status-publish","4":"format-standard","5":"has-post-thumbnail","7":"category-nacionales","8":"tag-domingo","9":"tag-elecciones","10":"tag-electoral","11":"tag-padrino-lopez"},"_links":{"self":[{"href":"https:\/\/elluchador.info\/index.php?rest_route=\/wp\/v2\/posts\/284839","targetHints":{"allow":["GET"]}}],"collection":[{"href":"https:\/\/elluchador.info\/index.php?rest_route=\/wp\/v2\/posts"}],"about":[{"href":"https:\/\/elluchador.info\/index.php?rest_route=\/wp\/v2\/types\/post"}],"author":[{"embeddable":true,"href":"https:\/\/elluchador.info\/index.php?rest_route=\/wp\/v2\/users\/33"}],"replies":[{"embeddable":true,"href":"https:\/\/elluchador.info\/index.php?rest_route=%2Fwp%2Fv2%2Fcomments&post=284839"}],"version-history":[{"count":1,"href":"https:\/\/elluchador.info\/index.php?rest_route=\/wp\/v2\/posts\/284839\/revisions"}],"predecessor-version":[{"id":284841,"href":"https:\/\/elluchador.info\/index.php?rest_route=\/wp\/v2\/posts\/284839\/revisions\/284841"}],"wp:featuredmedia":[{"embeddable":true,"href":"https:\/\/elluchador.info\/index.php?rest_route=\/wp\/v2\/media\/284840"}],"wp:attachment":[{"href":"https:\/\/elluchador.info\/index.php?rest_route=%2Fwp%2Fv2%2Fmedia&parent=284839"}],"wp:term":[{"taxonomy":"category","embeddable":true,"href":"https:\/\/elluchador.info\/index.php?rest_route=%2Fwp%2Fv2%2Fcategories&post=284839"},{"taxonomy":"post_tag","embeddable":true,"href":"https:\/\/elluchador.info\/index.php?rest_route=%2Fwp%2Fv2%2Ftags&post=284839"}],"curies":[{"name":"wp","href":"https:\/\/api.w.org\/{rel}","templated":true}]}}