{"id":284845,"date":"2025-07-23T10:43:53","date_gmt":"2025-07-23T14:43:53","guid":{"rendered":"https:\/\/elluchador.info\/?p=284845"},"modified":"2025-07-23T10:43:59","modified_gmt":"2025-07-23T14:43:59","slug":"pedro-diaz-asume-presidencia-de-feproagro","status":"publish","type":"post","link":"https:\/\/elluchador.info\/?p=284845","title":{"rendered":"Pedro D\u00edaz asume presidencia de Feproagro"},"content":{"rendered":"\n<p>El sector ganadero del estado Bol\u00edvar inicia una nueva etapa con la designaci\u00f3n de Pedro D\u00edaz como presidente de la Federaci\u00f3n Regional de Ganaderos de Bol\u00edvar (Feproagro) para el per\u00edodo 2025-2027. Su gesti\u00f3n arranca con una visi\u00f3n estrat\u00e9gica centrada en la sanidad animal, la organizaci\u00f3n gremial y la integraci\u00f3n del sector p\u00fablico y privado.<\/p>\n\n\n\n<p>El objetivo prioritario de la nueva directiva es alcanzar la cobertura anual del 90\u202f% en vacunaci\u00f3n contra la fiebre aftosa, para convertir a Bol\u00edvar en el primer estado del pa\u00eds declarado libre de la enfermedad con vacunaci\u00f3n. \u00abEs un desaf\u00edo enorme, pero uniendo esfuerzos y voluntades podemos lograrlo\u00bb, expres\u00f3 D\u00edaz.<\/p>\n\n\n\n<p>Para ello, ha extendido un llamado a la gobernadora Yulisbeth Garc\u00eda, a quien considera una aliada clave en este prop\u00f3sito. La coordinaci\u00f3n institucional ser\u00e1 fundamental para ejecutar campa\u00f1as masivas, superar trabas burocr\u00e1ticas y garantizar la distribuci\u00f3n equitativa de recursos en los diez municipios con actividad ganadera.<\/p>\n\n\n\n<p>La directiva de Feproagro est\u00e1 conformada por Antonio Delfino (primer vicepresidente), Jes\u00fas Suez (segundo vicepresidente), Pedro Castro (secretario) y H\u00e9ctor Pulido Mu\u00f1oz (tesorero), junto a representantes de asociaciones ganaderas de El Manteco, La Paragua y el municipio Caron\u00ed.<\/p>\n\n\n\n<p>En este \u00faltimo, se impulsa la formaci\u00f3n de una nueva organizaci\u00f3n gremial con el respaldo de Feproagro. D\u00edaz destac\u00f3 que Caron\u00ed re\u00fane a un importante grupo de productores y que la meta es organizarlos para avanzar unidos. Asimismo, expres\u00f3 su preocupaci\u00f3n por las altas tarifas del servicio de aseo urbano, que afectan directamente los costos de producci\u00f3n.<\/p>\n\n\n\n<p>El nuevo presidente reafirm\u00f3 su compromiso con la producci\u00f3n de alimentos de calidad: carne, queso y otros derivados, fundamentales para la seguridad alimentaria de la regi\u00f3n. <\/p>\n\n\n\n<p>Finalmente, Pedro D\u00edaz rindi\u00f3 homenaje a la gesti\u00f3n anterior, encabezada por Noel Naar, y enfatiz\u00f3 que la meta no es solo erradicar la fiebre aftosa, sino tambi\u00e9n avanzar en la eliminaci\u00f3n de la brucelosis y la tuberculosis. \u201cGuayana no es solo miner\u00eda; tambi\u00e9n es ganader\u00eda, con m\u00e1s de tres millones de hect\u00e1reas productivas\u201d, concluy\u00f3.<\/p>\n\n\n\n<p><strong>CNP 12.355<\/strong><\/p>\n","protected":false},"excerpt":{"rendered":"<p>El sector ganadero del estado Bol\u00edvar inicia una nueva etapa con la designaci\u00f3n de Pedro D\u00edaz como presidente de la Federaci\u00f3n Regional de Ganaderos de Bol\u00edvar (Feproagro) para el per\u00edodo 2025-2027. Su gesti\u00f3n arranca con una visi\u00f3n estrat\u00e9gica centrada en la sanidad animal, la organizaci\u00f3n gremial y la integraci\u00f3n del sector p\u00fablico y privado. El [&hellip;]<\/p>\n","protected":false},"author":33,"featured_media":284846,"comment_status":"closed","ping_status":"closed","sticky":false,"template":"","format":"standard","meta":{"footnotes":""},"categories":[12],"tags":[4672,4673],"class_list":{"0":"post-284845","1":"post","2":"type-post","3":"status-publish","4":"format-standard","5":"has-post-thumbnail","7":"category-regionales","8":"tag-feproagro","9":"tag-presidencia"},"_links":{"self":[{"href":"https:\/\/elluchador.info\/index.php?rest_route=\/wp\/v2\/posts\/284845","targetHints":{"allow":["GET"]}}],"collection":[{"href":"https:\/\/elluchador.info\/index.php?rest_route=\/wp\/v2\/posts"}],"about":[{"href":"https:\/\/elluchador.info\/index.php?rest_route=\/wp\/v2\/types\/post"}],"author":[{"embeddable":true,"href":"https:\/\/elluchador.info\/index.php?rest_route=\/wp\/v2\/users\/33"}],"replies":[{"embeddable":true,"href":"https:\/\/elluchador.info\/index.php?rest_route=%2Fwp%2Fv2%2Fcomments&post=284845"}],"version-history":[{"count":1,"href":"https:\/\/elluchador.info\/index.php?rest_route=\/wp\/v2\/posts\/284845\/revisions"}],"predecessor-version":[{"id":284847,"href":"https:\/\/elluchador.info\/index.php?rest_route=\/wp\/v2\/posts\/284845\/revisions\/284847"}],"wp:featuredmedia":[{"embeddable":true,"href":"https:\/\/elluchador.info\/index.php?rest_route=\/wp\/v2\/media\/284846"}],"wp:attachment":[{"href":"https:\/\/elluchador.info\/index.php?rest_route=%2Fwp%2Fv2%2Fmedia&parent=284845"}],"wp:term":[{"taxonomy":"category","embeddable":true,"href":"https:\/\/elluchador.info\/index.php?rest_route=%2Fwp%2Fv2%2Fcategories&post=284845"},{"taxonomy":"post_tag","embeddable":true,"href":"https:\/\/elluchador.info\/index.php?rest_route=%2Fwp%2Fv2%2Ftags&post=284845"}],"curies":[{"name":"wp","href":"https:\/\/api.w.org\/{rel}","templated":true}]}}