{"id":284880,"date":"2025-07-23T15:50:14","date_gmt":"2025-07-23T19:50:14","guid":{"rendered":"https:\/\/elluchador.info\/?p=284880"},"modified":"2025-07-23T15:50:23","modified_gmt":"2025-07-23T19:50:23","slug":"seniat-personas-naturales-con-firma-personal-seran-agentes-de-retencion-del-iva","status":"publish","type":"post","link":"https:\/\/elluchador.info\/?p=284880","title":{"rendered":"Seniat: Personas naturales con firma personal ser\u00e1n agentes de retenci\u00f3n del IVA"},"content":{"rendered":"\n<p>En Gaceta Oficial N\u00ba 43.171, de fecha 16 de julio de 2025, fue publicada la providencia mediante la cual se designan responsables del pago del Impuesto al Valor Agregado (IVA), en calidad de agentes de retenci\u00f3n, a los sujetos pasivos distintos a personas naturales, a los cuales el Servicio Nacional Integrado de Administraci\u00f3n Aduanera y Tributaria (Seniat) hubiere sido calificado y notificado como especiales.<\/p>\n\n\n\n<p>Esto quiere decir que la instituci\u00f3n venezolana agreg\u00f3 como agentes de retenci\u00f3n del IVA a las personas naturales con firma personal.<\/p>\n\n\n\n<p>Cabe resaltar que la Providencia Administrativa N\u00b0 SNAT\/2025\/000054 deroga la disposici\u00f3n SNAT\/2015\/0049 del ente encargado de la tributaci\u00f3n en el pa\u00eds.<\/p>\n\n\n\n<p>En la normativa est\u00e1 prevista la obligaci\u00f3n de retenci\u00f3n del Impuesto al Valor Agregado para las personas naturales calificadas como Sujetos Pasivos Especiales (SPE), que se encuentran bajo la figura de firma personal.<\/p>\n\n\n\n<p>Igualmente, el monto a retener ser\u00e1 el <strong><em>75% del impuesto causado<\/em><\/strong> y el gravamen retenido no pierde su car\u00e1cter de cr\u00e9dito fiscal para el agente de retenci\u00f3n, cuando estos califiquen como contribuyentes ordinarios del IVA, \u00abpudiendo ser deducido previo el cumplimiento de lo dispuesto en la Ley que establece dicho impuesto\u00bb.<\/p>\n\n\n\n<p>Con informaci\u00f3n <strong>Banca y Negocios<\/strong><\/p>\n","protected":false},"excerpt":{"rendered":"<p>En Gaceta Oficial N\u00ba 43.171, de fecha 16 de julio de 2025, fue publicada la providencia mediante la cual se designan responsables del pago del Impuesto al Valor Agregado (IVA), en calidad de agentes de retenci\u00f3n, a los sujetos pasivos distintos a personas naturales, a los cuales el Servicio Nacional Integrado de Administraci\u00f3n Aduanera y [&hellip;]<\/p>\n","protected":false},"author":33,"featured_media":284881,"comment_status":"closed","ping_status":"closed","sticky":false,"template":"","format":"standard","meta":{"footnotes":""},"categories":[6],"tags":[4681,168],"class_list":{"0":"post-284880","1":"post","2":"type-post","3":"status-publish","4":"format-standard","5":"has-post-thumbnail","7":"category-economia","8":"tag-iva","9":"tag-seniat"},"_links":{"self":[{"href":"https:\/\/elluchador.info\/index.php?rest_route=\/wp\/v2\/posts\/284880","targetHints":{"allow":["GET"]}}],"collection":[{"href":"https:\/\/elluchador.info\/index.php?rest_route=\/wp\/v2\/posts"}],"about":[{"href":"https:\/\/elluchador.info\/index.php?rest_route=\/wp\/v2\/types\/post"}],"author":[{"embeddable":true,"href":"https:\/\/elluchador.info\/index.php?rest_route=\/wp\/v2\/users\/33"}],"replies":[{"embeddable":true,"href":"https:\/\/elluchador.info\/index.php?rest_route=%2Fwp%2Fv2%2Fcomments&post=284880"}],"version-history":[{"count":1,"href":"https:\/\/elluchador.info\/index.php?rest_route=\/wp\/v2\/posts\/284880\/revisions"}],"predecessor-version":[{"id":284882,"href":"https:\/\/elluchador.info\/index.php?rest_route=\/wp\/v2\/posts\/284880\/revisions\/284882"}],"wp:featuredmedia":[{"embeddable":true,"href":"https:\/\/elluchador.info\/index.php?rest_route=\/wp\/v2\/media\/284881"}],"wp:attachment":[{"href":"https:\/\/elluchador.info\/index.php?rest_route=%2Fwp%2Fv2%2Fmedia&parent=284880"}],"wp:term":[{"taxonomy":"category","embeddable":true,"href":"https:\/\/elluchador.info\/index.php?rest_route=%2Fwp%2Fv2%2Fcategories&post=284880"},{"taxonomy":"post_tag","embeddable":true,"href":"https:\/\/elluchador.info\/index.php?rest_route=%2Fwp%2Fv2%2Ftags&post=284880"}],"curies":[{"name":"wp","href":"https:\/\/api.w.org\/{rel}","templated":true}]}}