{"id":284923,"date":"2025-07-24T09:00:00","date_gmt":"2025-07-24T13:00:00","guid":{"rendered":"https:\/\/elluchador.info\/?p=284923"},"modified":"2025-07-24T08:48:13","modified_gmt":"2025-07-24T12:48:13","slug":"emma-stone-regresa-como-cruella-y-una-nueva-villana-entra-a-escena","status":"publish","type":"post","link":"https:\/\/elluchador.info\/?p=284923","title":{"rendered":"Emma Stone regresa como Cruella y una nueva villana entra a escena\u00a0"},"content":{"rendered":"\n<p>Disney ha encendido oficialmente las luces verdes para la muy anticipada secuela de \u00abCruella\u00bb, confirmando el regreso de la aclamada Emma Stones, en el papel principal de Estella, la exc\u00e9ntrica dise\u00f1adora que se transforma en la ic\u00f3nica y despiadada Cruella de Vil.<\/p>\n\n\n\n<p>El rodaje de esta nueva entrega est\u00e1 programado para comenzar en 2026, y aunque la fecha de estreno oficial a\u00fan no ha sido anunciada, se espera que la pel\u00edcula llegue a las salas de cine en alg\u00fan momento de 2027.<\/p>\n\n\n\n<p>La secuela promete explorar el descenso definitivo de Estella, hacia la locura, mostrando su transformaci\u00f3n completa en la villana que el p\u00fablico conoce de \u00ab101 d\u00e1lmatas\u00bb. Fuentes cercanas al estudio han revelado que esta pel\u00edcula ser\u00e1 m\u00e1s atrevida, visualmente m\u00e1s ambiciosa y con un tono marcadamente musical.<\/p>\n\n\n\n<p><strong>\u00bfTaylor Swift se une al elenco como rival de Cruella?<\/strong><br>Uno de los rumores m\u00e1s explosivos que circulan en Hollywood, apunta a la posible participaci\u00f3n de la superestrella del pop Taylor Swift, en la pel\u00edcula. Aunque no hay confirmaci\u00f3n oficial, se especula que Swift, podr\u00eda interpretar a una figura clave en la ca\u00edda emocional de Estella: una villana rival cuya influencia la empujar\u00eda a desatar su lado m\u00e1s oscuro.<\/p>\n\n\n\n<p>El director Craig Gillespie y el guionista Tony McNamara, repetir\u00e1n al frente del proyecto, lo que asegura una continuidad estil\u00edstica con la exitosa entrega anterior. Sin embargo, se anticipa un tono mucho m\u00e1s intenso, oscuro y musical para esta nueva producci\u00f3n.<\/p>\n\n\n\n<p>Con informaci\u00f3n de <strong>agencias<\/strong><\/p>\n","protected":false},"excerpt":{"rendered":"<p>Disney ha encendido oficialmente las luces verdes para la muy anticipada secuela de \u00abCruella\u00bb, confirmando el regreso de la aclamada Emma Stones, en el papel principal de Estella, la exc\u00e9ntrica dise\u00f1adora que se transforma en la ic\u00f3nica y despiadada Cruella de Vil. El rodaje de esta nueva entrega est\u00e1 programado para comenzar en 2026, y [&hellip;]<\/p>\n","protected":false},"author":38,"featured_media":284924,"comment_status":"closed","ping_status":"closed","sticky":false,"template":"","format":"standard","meta":{"footnotes":""},"categories":[7],"tags":[448],"class_list":{"0":"post-284923","1":"post","2":"type-post","3":"status-publish","4":"format-standard","5":"has-post-thumbnail","7":"category-entretenimiento","8":"tag-mundo"},"_links":{"self":[{"href":"https:\/\/elluchador.info\/index.php?rest_route=\/wp\/v2\/posts\/284923","targetHints":{"allow":["GET"]}}],"collection":[{"href":"https:\/\/elluchador.info\/index.php?rest_route=\/wp\/v2\/posts"}],"about":[{"href":"https:\/\/elluchador.info\/index.php?rest_route=\/wp\/v2\/types\/post"}],"author":[{"embeddable":true,"href":"https:\/\/elluchador.info\/index.php?rest_route=\/wp\/v2\/users\/38"}],"replies":[{"embeddable":true,"href":"https:\/\/elluchador.info\/index.php?rest_route=%2Fwp%2Fv2%2Fcomments&post=284923"}],"version-history":[{"count":1,"href":"https:\/\/elluchador.info\/index.php?rest_route=\/wp\/v2\/posts\/284923\/revisions"}],"predecessor-version":[{"id":284925,"href":"https:\/\/elluchador.info\/index.php?rest_route=\/wp\/v2\/posts\/284923\/revisions\/284925"}],"wp:featuredmedia":[{"embeddable":true,"href":"https:\/\/elluchador.info\/index.php?rest_route=\/wp\/v2\/media\/284924"}],"wp:attachment":[{"href":"https:\/\/elluchador.info\/index.php?rest_route=%2Fwp%2Fv2%2Fmedia&parent=284923"}],"wp:term":[{"taxonomy":"category","embeddable":true,"href":"https:\/\/elluchador.info\/index.php?rest_route=%2Fwp%2Fv2%2Fcategories&post=284923"},{"taxonomy":"post_tag","embeddable":true,"href":"https:\/\/elluchador.info\/index.php?rest_route=%2Fwp%2Fv2%2Ftags&post=284923"}],"curies":[{"name":"wp","href":"https:\/\/api.w.org\/{rel}","templated":true}]}}