{"id":284933,"date":"2025-07-24T10:12:07","date_gmt":"2025-07-24T14:12:07","guid":{"rendered":"https:\/\/elluchador.info\/?p=284933"},"modified":"2025-07-24T10:12:13","modified_gmt":"2025-07-24T14:12:13","slug":"un-rio-de-victoria-cerro-campana-del-chino-alonzo","status":"publish","type":"post","link":"https:\/\/elluchador.info\/?p=284933","title":{"rendered":"Un r\u00edo de victoria cerr\u00f3 campa\u00f1a del Chino Alonzo"},"content":{"rendered":"\n<p><em>M\u00e1s de 9 mil personas colmaron Barrio Guayana en la parroquia Unare en apoyo al candidato revolucionario del Gran Polo Patri\u00f3tico a la Alcald\u00eda de Caron\u00ed y candidatos a concejales.<\/em><\/p>\n\n\n\n<p>Este mi\u00e9rcoles 23 de julio culmin\u00f3 la campa\u00f1a electoral para las elecciones municipales a celebrarse el pr\u00f3ximo domingo en todo el territorio nacional, comicios donde ser\u00e1n electos alcaldes y concejales a las C\u00e1maras Municipales, y se efectuar\u00e1 la Consulta Nacional de Proyectos de la Juventud presentados a nivel de las comunidades.<\/p>\n\n\n\n<p>En Caron\u00ed, Yanny \u00abEl Chino\u00bb Alonzo, candidato a la Alcald\u00eda, protagoniz\u00f3 un cierre apote\u00f3sico junto a toda la militancia revolucionaria, clase obrera de Guayana y las comunidades que se volcaron a la parroquia Unare en apoyo a su candidatura y los aspirantes a concejales del municipio Caron\u00ed.<\/p>\n\n\n\n<p>El masivo evento fue encabezado por la gobernadora Yulisbeth Garc\u00eda \u00abLa Tata\u00bb junto a los jefes del comando de campa\u00f1a Ven25+, M\/G Santiago Infante, diputada Nancy Ascencio, junto al ministro de Desarrollo Minero Ecol\u00f3gico y presidente de CVG, H\u00e9ctor Silva.<\/p>\n\n\n\n<figure class=\"wp-block-image size-large\"><img loading=\"lazy\" decoding=\"async\" width=\"1024\" height=\"685\" src=\"https:\/\/elluchador.info\/wp-content\/uploads\/2025\/07\/IMG-20250724-WA0067-1024x685.jpg\" alt=\"\" class=\"wp-image-284934\" srcset=\"https:\/\/elluchador.info\/wp-content\/uploads\/2025\/07\/IMG-20250724-WA0067-1024x685.jpg 1024w, https:\/\/elluchador.info\/wp-content\/uploads\/2025\/07\/IMG-20250724-WA0067-300x201.jpg 300w, https:\/\/elluchador.info\/wp-content\/uploads\/2025\/07\/IMG-20250724-WA0067-768x514.jpg 768w, https:\/\/elluchador.info\/wp-content\/uploads\/2025\/07\/IMG-20250724-WA0067-150x100.jpg 150w, https:\/\/elluchador.info\/wp-content\/uploads\/2025\/07\/IMG-20250724-WA0067-696x465.jpg 696w, https:\/\/elluchador.info\/wp-content\/uploads\/2025\/07\/IMG-20250724-WA0067-1068x714.jpg 1068w, https:\/\/elluchador.info\/wp-content\/uploads\/2025\/07\/IMG-20250724-WA0067.jpg 1280w\" sizes=\"auto, (max-width: 1024px) 100vw, 1024px\" \/><\/figure>\n\n\n\n<p>M\u00e1s de 9 mil personas colmaron Barrio Guayana en la parroquia Unare, participando de esta celebraci\u00f3n de cierre que augura una victoria segura el pr\u00f3ximo 27J.<\/p>\n\n\n\n<p>El evento estuvo amenizado con la presentaci\u00f3n de artistas y grupos musicales que contribuyeron al ambiente de alegr\u00eda y de agradecimiento a Dios Todopoderoso.<\/p>\n\n\n\n<p>\u00abDesde el 25 de mayo con el triunfo de la primera gobernadora del estado Bol\u00edvar, ya se siente la transformaci\u00f3n en Caron\u00ed, y con esta candidatura que hoy estamos asumiendo, vamos a darle concreci\u00f3n en cada uno de nuestros territorios, una victoria para darle continuidad a lo m\u00e1s hermoso que es la consolidacion del Estado comunal, darle m\u00e1s fuerza a las comunas, es el momento del poder popular\u00bb, dijo Yanny Alonzo.<\/p>\n\n\n\n<figure class=\"wp-block-image size-large\"><img loading=\"lazy\" decoding=\"async\" width=\"1024\" height=\"685\" src=\"https:\/\/elluchador.info\/wp-content\/uploads\/2025\/07\/IMG-20250724-WA0068-1024x685.jpg\" alt=\"\" class=\"wp-image-284935\" srcset=\"https:\/\/elluchador.info\/wp-content\/uploads\/2025\/07\/IMG-20250724-WA0068-1024x685.jpg 1024w, https:\/\/elluchador.info\/wp-content\/uploads\/2025\/07\/IMG-20250724-WA0068-300x201.jpg 300w, https:\/\/elluchador.info\/wp-content\/uploads\/2025\/07\/IMG-20250724-WA0068-768x514.jpg 768w, https:\/\/elluchador.info\/wp-content\/uploads\/2025\/07\/IMG-20250724-WA0068-150x100.jpg 150w, https:\/\/elluchador.info\/wp-content\/uploads\/2025\/07\/IMG-20250724-WA0068-696x465.jpg 696w, https:\/\/elluchador.info\/wp-content\/uploads\/2025\/07\/IMG-20250724-WA0068-1068x714.jpg 1068w, https:\/\/elluchador.info\/wp-content\/uploads\/2025\/07\/IMG-20250724-WA0068.jpg 1280w\" sizes=\"auto, (max-width: 1024px) 100vw, 1024px\" \/><\/figure>\n\n\n\n<p>Expres\u00f3 que lo m\u00e1s importante de este momento es la unidad, con la gobernadora Yulisbeth Garc\u00eda y la fortaleza del presidente Nicol\u00e1s Maduro d\u00e1ndole poder al pueblo mediante el autogobierno y las consultas populares. \u00abApenas estamos comenzando en este proceso, debemos garantizar la victoria este 27 de julio por el bienestar de la familia, de los j\u00f3venes y ni\u00f1os.<\/p>\n\n\n\n<p>Con informaci\u00f3n de Prensa Alcald\u00eda de Caron\u00ed<\/p>\n","protected":false},"excerpt":{"rendered":"<p>M\u00e1s de 9 mil personas colmaron Barrio Guayana en la parroquia Unare en apoyo al candidato revolucionario del Gran Polo Patri\u00f3tico a la Alcald\u00eda de Caron\u00ed y candidatos a concejales. Este mi\u00e9rcoles 23 de julio culmin\u00f3 la campa\u00f1a electoral para las elecciones municipales a celebrarse el pr\u00f3ximo domingo en todo el territorio nacional, comicios donde [&hellip;]<\/p>\n","protected":false},"author":38,"featured_media":284936,"comment_status":"closed","ping_status":"closed","sticky":false,"template":"","format":"standard","meta":{"footnotes":""},"categories":[5,11],"tags":[185,1178,105],"class_list":{"0":"post-284933","1":"post","2":"type-post","3":"status-publish","4":"format-standard","5":"has-post-thumbnail","7":"category-destacado","8":"category-politica","9":"tag-bolivar","10":"tag-ciudad-guayana","11":"tag-venezuela"},"_links":{"self":[{"href":"https:\/\/elluchador.info\/index.php?rest_route=\/wp\/v2\/posts\/284933","targetHints":{"allow":["GET"]}}],"collection":[{"href":"https:\/\/elluchador.info\/index.php?rest_route=\/wp\/v2\/posts"}],"about":[{"href":"https:\/\/elluchador.info\/index.php?rest_route=\/wp\/v2\/types\/post"}],"author":[{"embeddable":true,"href":"https:\/\/elluchador.info\/index.php?rest_route=\/wp\/v2\/users\/38"}],"replies":[{"embeddable":true,"href":"https:\/\/elluchador.info\/index.php?rest_route=%2Fwp%2Fv2%2Fcomments&post=284933"}],"version-history":[{"count":1,"href":"https:\/\/elluchador.info\/index.php?rest_route=\/wp\/v2\/posts\/284933\/revisions"}],"predecessor-version":[{"id":284937,"href":"https:\/\/elluchador.info\/index.php?rest_route=\/wp\/v2\/posts\/284933\/revisions\/284937"}],"wp:featuredmedia":[{"embeddable":true,"href":"https:\/\/elluchador.info\/index.php?rest_route=\/wp\/v2\/media\/284936"}],"wp:attachment":[{"href":"https:\/\/elluchador.info\/index.php?rest_route=%2Fwp%2Fv2%2Fmedia&parent=284933"}],"wp:term":[{"taxonomy":"category","embeddable":true,"href":"https:\/\/elluchador.info\/index.php?rest_route=%2Fwp%2Fv2%2Fcategories&post=284933"},{"taxonomy":"post_tag","embeddable":true,"href":"https:\/\/elluchador.info\/index.php?rest_route=%2Fwp%2Fv2%2Ftags&post=284933"}],"curies":[{"name":"wp","href":"https:\/\/api.w.org\/{rel}","templated":true}]}}