{"id":284942,"date":"2025-07-24T10:24:15","date_gmt":"2025-07-24T14:24:15","guid":{"rendered":"https:\/\/elluchador.info\/?p=284942"},"modified":"2025-07-24T10:24:23","modified_gmt":"2025-07-24T14:24:23","slug":"venezuela-conmemora-242-anos-del-natalicio-del-libertador-simon-bolivar","status":"publish","type":"post","link":"https:\/\/elluchador.info\/?p=284942","title":{"rendered":"Venezuela conmemora 242 a\u00f1os del Natalicio del Libertador Sim\u00f3n Bol\u00edvar"},"content":{"rendered":"\n<p>Con una emotiva ceremonia en el Pante\u00f3n Nacional, las autoridades venezolanas rindieron honores al Padre de la Patria, Sim\u00f3n Bol\u00edvar, al conmemorarse el 242\u00b0 aniversario de su natalicio. La fecha coincide con la celebraci\u00f3n del D\u00eda de la Armada Nacional Bolivariana y la hist\u00f3rica Batalla Naval del Lago de Maracaibo, un tr\u00edo de eventos que resalta la herencia libertadora y la soberan\u00eda de Venezuela.<\/p>\n\n\n\n<p>El acto cont\u00f3 con la presencia de destacadas figuras del gabinete nacional. La ministra de Econom\u00eda y Finanzas, Anabel Pereira, tuvo el honor de entregar el tricolor nacional para ser elevado por miembros de la Armada Nacional Bolivariana. La acompa\u00f1aron la ministra para el Comercio Exterior, Coromoto Godoy; la ministra de Turismo, Leticia G\u00f3mez; el ministro para el Deporte, Franklin Carrillo, y el ministro de Servicios Penitenciarios, Julio Garc\u00eda.<\/p>\n\n\n\n<p>Durante la solemne ceremonia, se llev\u00f3 a cabo la tradicional ofrenda floral ante el sarc\u00f3fago del Libertador. Esta fue depositada por el Comandante de la Armada Nacional Bolivariana, Almirante Ashraf Suleim\u00e1n Guti\u00e9rrez, junto al director del R\u00e9gimen Especial de Seguridad del Comando Estrat\u00e9gico Operacional, Mayor General Rub\u00e9n Bezares Escobar, y el director Conjunto de Doctrina del Comando Estrat\u00e9gico Operacional, Almirante V\u00edctor Borjas.<\/p>\n\n\n\n<p>El Almirante Suleim\u00e1n Guti\u00e9rrez ofreci\u00f3 un emotivo discurso, destacando la trascendencia de la fecha. \u00abEl d\u00eda de hoy se conmemoran tres fechas importantes para nuestra patria\u00bb, expres\u00f3. \u00abHoy hemos izado la Bandera Nacional y entregado una ofrenda floral ante los restos de nuestro Padre de la Patria, Libertador Sim\u00f3n Bol\u00edvar. El 24 de julio nace en Caracas ese ni\u00f1o Sim\u00f3n, que dentro de sus expectativas fij\u00f3 la meta por libertar a su patria, siguiendo los ideales y consejos de sus maestros, jur\u00f3 no dar descanso a su alma ni reposo a su brazo hasta romper las cadenas que manten\u00eda el dominio espa\u00f1ol sobre el territorio venezolano\u00bb.<\/p>\n\n\n\n<p>El Comandante de la Armada tambi\u00e9n reafirm\u00f3 el compromiso de la instituci\u00f3n con la defensa del territorio nacional. \u00abNuestra Armada Bolivariana hoy en d\u00eda preserva nuestros r\u00edos, lagos y nuestra Venezuela azul, constituida por m\u00e1s de 710 mil kil\u00f3metros cuadrados, en su fachada caribe\u00f1a y atl\u00e1ntica, donde Estados Unidos, Guyana y empresas transnacionales pretenden despojarnos de parte de nuestro territorio hist\u00f3rico y de nuestras aguas jurisdiccionales, pero aqu\u00ed est\u00e1 una armada comprometida con la historia de Venezuela\u00bb.<\/p>\n\n\n\n<p>Finalmente, el Almirante Suleim\u00e1n Guti\u00e9rrez, sentenci\u00f3 que la Armada \u00abseguir\u00e1 vigilante, presente y consciente de la necesidad de preservar la independencia, soberan\u00eda, libertad, felicidad, paz y tranquilidad del pueblo venezolano para esta generaci\u00f3n y las futuras generaciones\u00bb. La jornada concluy\u00f3 reafirmando el esp\u00edritu bolivariano y el compromiso inquebrantable con la defensa de la naci\u00f3n.<\/p>\n\n\n\n<p>Con informaci\u00f3n de <strong>agencias<\/strong><\/p>\n","protected":false},"excerpt":{"rendered":"<p>Con una emotiva ceremonia en el Pante\u00f3n Nacional, las autoridades venezolanas rindieron honores al Padre de la Patria, Sim\u00f3n Bol\u00edvar, al conmemorarse el 242\u00b0 aniversario de su natalicio. La fecha coincide con la celebraci\u00f3n del D\u00eda de la Armada Nacional Bolivariana y la hist\u00f3rica Batalla Naval del Lago de Maracaibo, un tr\u00edo de eventos que [&hellip;]<\/p>\n","protected":false},"author":38,"featured_media":284943,"comment_status":"closed","ping_status":"closed","sticky":false,"template":"","format":"standard","meta":{"footnotes":""},"categories":[5,9],"tags":[105],"class_list":{"0":"post-284942","1":"post","2":"type-post","3":"status-publish","4":"format-standard","5":"has-post-thumbnail","7":"category-destacado","8":"category-nacionales","9":"tag-venezuela"},"_links":{"self":[{"href":"https:\/\/elluchador.info\/index.php?rest_route=\/wp\/v2\/posts\/284942","targetHints":{"allow":["GET"]}}],"collection":[{"href":"https:\/\/elluchador.info\/index.php?rest_route=\/wp\/v2\/posts"}],"about":[{"href":"https:\/\/elluchador.info\/index.php?rest_route=\/wp\/v2\/types\/post"}],"author":[{"embeddable":true,"href":"https:\/\/elluchador.info\/index.php?rest_route=\/wp\/v2\/users\/38"}],"replies":[{"embeddable":true,"href":"https:\/\/elluchador.info\/index.php?rest_route=%2Fwp%2Fv2%2Fcomments&post=284942"}],"version-history":[{"count":1,"href":"https:\/\/elluchador.info\/index.php?rest_route=\/wp\/v2\/posts\/284942\/revisions"}],"predecessor-version":[{"id":284944,"href":"https:\/\/elluchador.info\/index.php?rest_route=\/wp\/v2\/posts\/284942\/revisions\/284944"}],"wp:featuredmedia":[{"embeddable":true,"href":"https:\/\/elluchador.info\/index.php?rest_route=\/wp\/v2\/media\/284943"}],"wp:attachment":[{"href":"https:\/\/elluchador.info\/index.php?rest_route=%2Fwp%2Fv2%2Fmedia&parent=284942"}],"wp:term":[{"taxonomy":"category","embeddable":true,"href":"https:\/\/elluchador.info\/index.php?rest_route=%2Fwp%2Fv2%2Fcategories&post=284942"},{"taxonomy":"post_tag","embeddable":true,"href":"https:\/\/elluchador.info\/index.php?rest_route=%2Fwp%2Fv2%2Ftags&post=284942"}],"curies":[{"name":"wp","href":"https:\/\/api.w.org\/{rel}","templated":true}]}}