{"id":284988,"date":"2025-07-24T18:31:34","date_gmt":"2025-07-24T22:31:34","guid":{"rendered":"https:\/\/elluchador.info\/?p=284988"},"modified":"2025-07-24T18:31:38","modified_gmt":"2025-07-24T22:31:38","slug":"venezuela-establece-acuerdos-para-reactivar-suministro-energetico-a-colombia-y-brasil","status":"publish","type":"post","link":"https:\/\/elluchador.info\/?p=284988","title":{"rendered":"Venezuela establece acuerdos para reactivar suministro energ\u00e9tico a Colombia y Brasil"},"content":{"rendered":"\n<p>El Ministro del Poder Popular para la Energ\u00eda El\u00e9ctrica, Jorge M\u00e1rquez, anunci\u00f3 la formalizaci\u00f3n de acuerdos bilaterales con Colombia y Brasil para la reactivaci\u00f3n del suministro energ\u00e9tico a estas naciones vecinas.<\/p>\n\n\n\n<p>El anuncio se realiz\u00f3 en el marco de la VII Reuni\u00f3n de Ministros y Ministras de Energ\u00eda de la Comunidad de Estados Latinoamericanos y Caribe\u00f1os (CELAC), celebrada este 23 de julio.<\/p>\n\n\n\n<p>M\u00e1rquez, enfatiz\u00f3 que los significativos avances logrados en el sector energ\u00e9tico venezolano durante los \u00faltimos meses han posibilitado la creaci\u00f3n de nuevos escenarios de intercambio regional, en l\u00ednea con la estrategia de diversificaci\u00f3n de la matriz energ\u00e9tica del pa\u00eds.<\/p>\n\n\n\n<p>\u00abNuestro Sistema El\u00e9ctrico Nacional cuenta con una capacidad instalada del 70% de producci\u00f3n de energ\u00eda el\u00e9ctrica proveniente de centrales hidroel\u00e9ctricas. El 30% restante se genera en centrales termoel\u00e9ctricas, de las cuales el 95% utiliza gas natural, un combustible fundamental para nuestra seguridad energ\u00e9tica\u00bb, detall\u00f3 el Ministro.<\/p>\n\n\n\n<p>En este contexto, el titular de la cartera energ\u00e9tica manifest\u00f3 el inter\u00e9s de Venezuela en promover la conectividad regional mediante el aprovechamiento de fuentes energ\u00e9ticas comunes. Por ello, se anunci\u00f3 la reactivaci\u00f3n de la interconexi\u00f3n del Sistema El\u00e9ctrico y el proyecto de gasoducto para el transporte de gas desde Venezuela hacia Colombia. Asimismo, M\u00e1rquez, confirm\u00f3 que el acuerdo fortalecer\u00e1 el suministro de energ\u00eda el\u00e9ctrica a Brasil.<\/p>\n\n\n\n<p>Adem\u00e1s de los acuerdos de exportaci\u00f3n, el Ministro M\u00e1rquez inform\u00f3 sobre el inicio de un ambicioso macroproyecto a nivel nacional para la instalaci\u00f3n de 20.000 sistemas solares de bombeo de agua en zonas aisladas, ind\u00edgenas y fronterizas, con el objetivo de garantizar el acceso a recursos h\u00eddricos para estas comunidades.<\/p>\n\n\n\n<p>Con informaci\u00f3n de <strong>agencias<\/strong><\/p>\n","protected":false},"excerpt":{"rendered":"<p>El Ministro del Poder Popular para la Energ\u00eda El\u00e9ctrica, Jorge M\u00e1rquez, anunci\u00f3 la formalizaci\u00f3n de acuerdos bilaterales con Colombia y Brasil para la reactivaci\u00f3n del suministro energ\u00e9tico a estas naciones vecinas. El anuncio se realiz\u00f3 en el marco de la VII Reuni\u00f3n de Ministros y Ministras de Energ\u00eda de la Comunidad de Estados Latinoamericanos y [&hellip;]<\/p>\n","protected":false},"author":38,"featured_media":284989,"comment_status":"closed","ping_status":"closed","sticky":false,"template":"","format":"standard","meta":{"footnotes":""},"categories":[5,11],"tags":[448,105],"class_list":{"0":"post-284988","1":"post","2":"type-post","3":"status-publish","4":"format-standard","5":"has-post-thumbnail","7":"category-destacado","8":"category-politica","9":"tag-mundo","10":"tag-venezuela"},"_links":{"self":[{"href":"https:\/\/elluchador.info\/index.php?rest_route=\/wp\/v2\/posts\/284988","targetHints":{"allow":["GET"]}}],"collection":[{"href":"https:\/\/elluchador.info\/index.php?rest_route=\/wp\/v2\/posts"}],"about":[{"href":"https:\/\/elluchador.info\/index.php?rest_route=\/wp\/v2\/types\/post"}],"author":[{"embeddable":true,"href":"https:\/\/elluchador.info\/index.php?rest_route=\/wp\/v2\/users\/38"}],"replies":[{"embeddable":true,"href":"https:\/\/elluchador.info\/index.php?rest_route=%2Fwp%2Fv2%2Fcomments&post=284988"}],"version-history":[{"count":1,"href":"https:\/\/elluchador.info\/index.php?rest_route=\/wp\/v2\/posts\/284988\/revisions"}],"predecessor-version":[{"id":284990,"href":"https:\/\/elluchador.info\/index.php?rest_route=\/wp\/v2\/posts\/284988\/revisions\/284990"}],"wp:featuredmedia":[{"embeddable":true,"href":"https:\/\/elluchador.info\/index.php?rest_route=\/wp\/v2\/media\/284989"}],"wp:attachment":[{"href":"https:\/\/elluchador.info\/index.php?rest_route=%2Fwp%2Fv2%2Fmedia&parent=284988"}],"wp:term":[{"taxonomy":"category","embeddable":true,"href":"https:\/\/elluchador.info\/index.php?rest_route=%2Fwp%2Fv2%2Fcategories&post=284988"},{"taxonomy":"post_tag","embeddable":true,"href":"https:\/\/elluchador.info\/index.php?rest_route=%2Fwp%2Fv2%2Ftags&post=284988"}],"curies":[{"name":"wp","href":"https:\/\/api.w.org\/{rel}","templated":true}]}}