{"id":284991,"date":"2025-07-24T18:36:00","date_gmt":"2025-07-24T22:36:00","guid":{"rendered":"https:\/\/elluchador.info\/?p=284991"},"modified":"2025-07-24T18:35:50","modified_gmt":"2025-07-24T22:35:50","slug":"tesla-construye-su-primer-vehiculo-a-precio-asequible-para-enfrentar-la-caida-en-ventas","status":"publish","type":"post","link":"https:\/\/elluchador.info\/?p=284991","title":{"rendered":"Tesla construye su primer veh\u00edculo a precio asequible para enfrentar la ca\u00edda en ventas"},"content":{"rendered":"\n<p>Tesla se encuentra en una encrucijada estrat\u00e9gica, enfrentando su ca\u00edda de ventas m\u00e1s pronunciada en una d\u00e9cada. En respuesta a este escenario y al desvanecimiento de los incentivos fiscales en Estados Unidos, la compa\u00f1\u00eda est\u00e1 acelerando la producci\u00f3n de una versi\u00f3n m\u00e1s asequible de su Model Y.<\/p>\n\n\n\n<p>Elon Musk, CEO de Tesla, ha sido franco sobre los \u00abtrimestres dif\u00edciles\u00bb que esperan a la empresa, proyectando que esta fase se extender\u00e1 hasta finales de 2025. Sin embargo, Musk conf\u00eda en que un repunte significativo llegar\u00e1 con la anticipada ola de ingresos generados por el software de conducci\u00f3n aut\u00f3noma y el servicio de robotaxis.<\/p>\n\n\n\n<p>A finales de junio, Tesla ya hab\u00eda producido las primeras unidades de este Model Y m\u00e1s econ\u00f3mico. A pesar de la incertidumbre sobre sus detalles y precio exactos, Musk ha restado importancia a las especificaciones, sugiriendo que la principal diferencia podr\u00eda radicar en el coste m\u00e1s que en las caracter\u00edsticas del veh\u00edculo.<\/p>\n\n\n\n<p><strong>Descenso en las ventas y perspectivas futuras<\/strong><br>Durante el segundo trimestre de 2025, las entregas globales de Tesla experimentaron una ca\u00edda del 13.5%. Esta disminuci\u00f3n se atribuye en parte a la menor venta de cr\u00e9ditos regulatorios y a la inminente eliminaci\u00f3n del cr\u00e9dito fiscal de $7,500 d\u00f3lares en Estados Unidos, un factor clave en la compra de veh\u00edculos el\u00e9ctricos.<\/p>\n\n\n\n<p>Musk ha reiterado que los desaf\u00edos persistir\u00e1n durante el tercer y cuarto trimestre de este a\u00f1o. No obstante, el empresario sudafricano mantiene una postura optimista, anticipando una s\u00f3lida recuperaci\u00f3n una vez que la autonom\u00eda total de sus veh\u00edculos comience a generar ingresos masivos.<\/p>\n\n\n\n<p>Tesla, parece estar reorientando su enfoque estrat\u00e9gico del precio al software. Con el despliegue inminente de su servicio de robotaxis, ya probado en Austin, y el constante perfeccionamiento de su tecnolog\u00eda de conducci\u00f3n aut\u00f3noma, Musk pronostica que para finales de 2025, las cifras de Tesla \u00abno ser\u00e1n nada menos que espectaculares\u00bb.<\/p>\n\n\n\n<p>La introducci\u00f3n de un veh\u00edculo a un precio m\u00e1s accesible, sumado a un software que promete revolucionar el transporte y en medio de un panorama pol\u00edtico incierto, posiciona a Tesla en una fase decisiva. La compa\u00f1\u00eda espera que el \u00abModel Y econ\u00f3mico\u00bb reanime sus ventas y siente las bases para un futuro impulsado por la innovaci\u00f3n tecnol\u00f3gica.<\/p>\n\n\n\n<p>Con informaci\u00f3n de <strong>agencias<\/strong><\/p>\n","protected":false},"excerpt":{"rendered":"<p>Tesla se encuentra en una encrucijada estrat\u00e9gica, enfrentando su ca\u00edda de ventas m\u00e1s pronunciada en una d\u00e9cada. En respuesta a este escenario y al desvanecimiento de los incentivos fiscales en Estados Unidos, la compa\u00f1\u00eda est\u00e1 acelerando la producci\u00f3n de una versi\u00f3n m\u00e1s asequible de su Model Y. Elon Musk, CEO de Tesla, ha sido franco [&hellip;]<\/p>\n","protected":false},"author":38,"featured_media":284992,"comment_status":"closed","ping_status":"closed","sticky":false,"template":"","format":"standard","meta":{"footnotes":""},"categories":[6],"tags":[448],"class_list":{"0":"post-284991","1":"post","2":"type-post","3":"status-publish","4":"format-standard","5":"has-post-thumbnail","7":"category-economia","8":"tag-mundo"},"_links":{"self":[{"href":"https:\/\/elluchador.info\/index.php?rest_route=\/wp\/v2\/posts\/284991","targetHints":{"allow":["GET"]}}],"collection":[{"href":"https:\/\/elluchador.info\/index.php?rest_route=\/wp\/v2\/posts"}],"about":[{"href":"https:\/\/elluchador.info\/index.php?rest_route=\/wp\/v2\/types\/post"}],"author":[{"embeddable":true,"href":"https:\/\/elluchador.info\/index.php?rest_route=\/wp\/v2\/users\/38"}],"replies":[{"embeddable":true,"href":"https:\/\/elluchador.info\/index.php?rest_route=%2Fwp%2Fv2%2Fcomments&post=284991"}],"version-history":[{"count":2,"href":"https:\/\/elluchador.info\/index.php?rest_route=\/wp\/v2\/posts\/284991\/revisions"}],"predecessor-version":[{"id":284994,"href":"https:\/\/elluchador.info\/index.php?rest_route=\/wp\/v2\/posts\/284991\/revisions\/284994"}],"wp:featuredmedia":[{"embeddable":true,"href":"https:\/\/elluchador.info\/index.php?rest_route=\/wp\/v2\/media\/284992"}],"wp:attachment":[{"href":"https:\/\/elluchador.info\/index.php?rest_route=%2Fwp%2Fv2%2Fmedia&parent=284991"}],"wp:term":[{"taxonomy":"category","embeddable":true,"href":"https:\/\/elluchador.info\/index.php?rest_route=%2Fwp%2Fv2%2Fcategories&post=284991"},{"taxonomy":"post_tag","embeddable":true,"href":"https:\/\/elluchador.info\/index.php?rest_route=%2Fwp%2Fv2%2Ftags&post=284991"}],"curies":[{"name":"wp","href":"https:\/\/api.w.org\/{rel}","templated":true}]}}