{"id":285006,"date":"2025-07-25T07:54:52","date_gmt":"2025-07-25T11:54:52","guid":{"rendered":"https:\/\/elluchador.info\/?p=285006"},"modified":"2025-07-25T07:54:55","modified_gmt":"2025-07-25T11:54:55","slug":"onda-tropical-no-20-llegara-al-pais-en-las-proximas-horas","status":"publish","type":"post","link":"https:\/\/elluchador.info\/?p=285006","title":{"rendered":"Onda tropical N\u00ba 20 llegar\u00e1 al pa\u00eds en las pr\u00f3ximas horas"},"content":{"rendered":"\n<p>\u200eEl Instituto Nacional de Meteorolog\u00eda e Hidrolog\u00eda (Inameh) pronostic\u00f3 para este viernes la probabilidad de que en varias regiones del pa\u00eds se registrar\u00e1n precipitaciones a lo largo del d\u00eda.<br>\u200e<br>\u200eDurante la ma\u00f1ana, el Inameh indic\u00f3 que habr\u00e1 nubosidad fragmentada en buena parte del territorio nacional; aunque se prev\u00e9 que haya zonas con lluvias en el Esequibo, Delta Amacuro, Bol\u00edvar, Amazonas, Gu\u00e1rico, Cojedes, Apure, Barinas, Portuguesa y Zulia.<br>\u200e<br>\u200eDespu\u00e9s del mediod\u00eda se estima un desarrollo nuboso generador de precipitaciones o chubascos, junto a ocasionales descargas el\u00e9ctricas, en \u00e1reas del Zulia, los Andes, las regiones Nororiental, Central y Centro Occidental; Llanos Centrales y Occidentales; Amazonas, Bol\u00edvar y el Esequibo. <\/p>\n\n\n<div class=\"wp-block-image\">\n<figure class=\"aligncenter size-large is-resized\"><img loading=\"lazy\" decoding=\"async\" width=\"1024\" height=\"810\" src=\"https:\/\/elluchador.info\/wp-content\/uploads\/2025\/07\/Screenshot_20250725-075042-1024x810.jpg\" alt=\"\" class=\"wp-image-285007\" style=\"width:648px;height:auto\" srcset=\"https:\/\/elluchador.info\/wp-content\/uploads\/2025\/07\/Screenshot_20250725-075042-1024x810.jpg 1024w, https:\/\/elluchador.info\/wp-content\/uploads\/2025\/07\/Screenshot_20250725-075042-300x237.jpg 300w, https:\/\/elluchador.info\/wp-content\/uploads\/2025\/07\/Screenshot_20250725-075042-768x607.jpg 768w, https:\/\/elluchador.info\/wp-content\/uploads\/2025\/07\/Screenshot_20250725-075042-150x119.jpg 150w, https:\/\/elluchador.info\/wp-content\/uploads\/2025\/07\/Screenshot_20250725-075042-696x550.jpg 696w, https:\/\/elluchador.info\/wp-content\/uploads\/2025\/07\/Screenshot_20250725-075042-1068x845.jpg 1068w, https:\/\/elluchador.info\/wp-content\/uploads\/2025\/07\/Screenshot_20250725-075042.jpg 1080w\" sizes=\"auto, (max-width: 1024px) 100vw, 1024px\" \/><\/figure>\n<\/div>\n\n\n<p>Asimismo, indica que la onda tropical n\u00famero 20 llegar\u00e1 en las pr\u00f3ximas horas al territorio nacional; la 21, arribar\u00e1 al Esequibo entre el domingo 27 y lunes 28; mientras que la 29 estar\u00e1 entre el 3 y 4 de agosto.<br>\u200e<br>\u200eSe esperan acumulados pluviom\u00e9tricos entre siete y 45 mil\u00edmetros (mm) en varias zonas del pa\u00eds y m\u00e1ximas de 65 mm en \u00e1reas de Amazonas, Bol\u00edvar, Gu\u00e1rico, Anzo\u00e1tegui y Portuguesa.<br>\u200e<br>\u200eCon informaci\u00f3n <strong>\u00daR<\/strong><\/p>\n","protected":false},"excerpt":{"rendered":"<p>\u200eEl Instituto Nacional de Meteorolog\u00eda e Hidrolog\u00eda (Inameh) pronostic\u00f3 para este viernes la probabilidad de que en varias regiones del pa\u00eds se registrar\u00e1n precipitaciones a lo largo del d\u00eda.\u200e\u200eDurante la ma\u00f1ana, el Inameh indic\u00f3 que habr\u00e1 nubosidad fragmentada en buena parte del territorio nacional; aunque se prev\u00e9 que haya zonas con lluvias en el Esequibo, [&hellip;]<\/p>\n","protected":false},"author":33,"featured_media":250469,"comment_status":"closed","ping_status":"closed","sticky":false,"template":"","format":"standard","meta":{"footnotes":""},"categories":[9],"tags":[3754,105],"class_list":{"0":"post-285006","1":"post","2":"type-post","3":"status-publish","4":"format-standard","5":"has-post-thumbnail","7":"category-nacionales","8":"tag-ondas-tropicales","9":"tag-venezuela"},"_links":{"self":[{"href":"https:\/\/elluchador.info\/index.php?rest_route=\/wp\/v2\/posts\/285006","targetHints":{"allow":["GET"]}}],"collection":[{"href":"https:\/\/elluchador.info\/index.php?rest_route=\/wp\/v2\/posts"}],"about":[{"href":"https:\/\/elluchador.info\/index.php?rest_route=\/wp\/v2\/types\/post"}],"author":[{"embeddable":true,"href":"https:\/\/elluchador.info\/index.php?rest_route=\/wp\/v2\/users\/33"}],"replies":[{"embeddable":true,"href":"https:\/\/elluchador.info\/index.php?rest_route=%2Fwp%2Fv2%2Fcomments&post=285006"}],"version-history":[{"count":1,"href":"https:\/\/elluchador.info\/index.php?rest_route=\/wp\/v2\/posts\/285006\/revisions"}],"predecessor-version":[{"id":285008,"href":"https:\/\/elluchador.info\/index.php?rest_route=\/wp\/v2\/posts\/285006\/revisions\/285008"}],"wp:featuredmedia":[{"embeddable":true,"href":"https:\/\/elluchador.info\/index.php?rest_route=\/wp\/v2\/media\/250469"}],"wp:attachment":[{"href":"https:\/\/elluchador.info\/index.php?rest_route=%2Fwp%2Fv2%2Fmedia&parent=285006"}],"wp:term":[{"taxonomy":"category","embeddable":true,"href":"https:\/\/elluchador.info\/index.php?rest_route=%2Fwp%2Fv2%2Fcategories&post=285006"},{"taxonomy":"post_tag","embeddable":true,"href":"https:\/\/elluchador.info\/index.php?rest_route=%2Fwp%2Fv2%2Ftags&post=285006"}],"curies":[{"name":"wp","href":"https:\/\/api.w.org\/{rel}","templated":true}]}}