{"id":285027,"date":"2025-07-25T11:41:50","date_gmt":"2025-07-25T15:41:50","guid":{"rendered":"https:\/\/elluchador.info\/?p=285027"},"modified":"2025-07-25T11:41:54","modified_gmt":"2025-07-25T15:41:54","slug":"caracas-458-anos-de-historia-y-encanto-bajo-sus-techos-rojos","status":"publish","type":"post","link":"https:\/\/elluchador.info\/?p=285027","title":{"rendered":"Caracas: 458 a\u00f1os de historia y encanto bajo sus techos rojos"},"content":{"rendered":"\n<p>\u200eDesde la inmensidad del \u00c1vila hasta las concurridas avenidas de Caracas celebran este 25 de julio el aniversario 458 de la fundaci\u00f3n de la Capital venezolana.<br>\u200e<br>\u200eLa ciudad ha sido testigo de importantes acontecimientos pol\u00edticos, sociales y econ\u00f3micos a lo largo de su historia y se ha convertido en uno de los centros culturales m\u00e1s importantes de la regi\u00f3n. <\/p>\n\n\n\n<figure class=\"wp-block-gallery has-nested-images columns-default is-cropped wp-block-gallery-1 is-layout-flex wp-block-gallery-is-layout-flex\">\n<figure class=\"wp-block-image size-large\"><img loading=\"lazy\" decoding=\"async\" width=\"1024\" height=\"576\" data-id=\"285028\" src=\"https:\/\/elluchador.info\/wp-content\/uploads\/2025\/07\/02-caracas-1024x576.jpg\" alt=\"\" class=\"wp-image-285028\" srcset=\"https:\/\/elluchador.info\/wp-content\/uploads\/2025\/07\/02-caracas-1024x576.jpg 1024w, https:\/\/elluchador.info\/wp-content\/uploads\/2025\/07\/02-caracas-300x169.jpg 300w, https:\/\/elluchador.info\/wp-content\/uploads\/2025\/07\/02-caracas-768x432.jpg 768w, https:\/\/elluchador.info\/wp-content\/uploads\/2025\/07\/02-caracas-150x84.jpg 150w, https:\/\/elluchador.info\/wp-content\/uploads\/2025\/07\/02-caracas-696x392.jpg 696w, https:\/\/elluchador.info\/wp-content\/uploads\/2025\/07\/02-caracas-1068x601.jpg 1068w, https:\/\/elluchador.info\/wp-content\/uploads\/2025\/07\/02-caracas.jpg 1080w\" sizes=\"auto, (max-width: 1024px) 100vw, 1024px\" \/><figcaption class=\"wp-element-caption\">Eastern Caracas panoramic city view at Chacao Municipality.  Image taken at mid afternoon with Avila mountain in the background.Cerro El Avila en el Municipio Chacao.<\/figcaption><\/figure>\n\n\n\n<figure class=\"wp-block-image size-large\"><img loading=\"lazy\" decoding=\"async\" width=\"1024\" height=\"648\" data-id=\"285029\" src=\"https:\/\/elluchador.info\/wp-content\/uploads\/2025\/07\/Vistas-de-Caracas-para-un-post-de-pago.jpg-1024x648.webp\" alt=\"\" class=\"wp-image-285029\" srcset=\"https:\/\/elluchador.info\/wp-content\/uploads\/2025\/07\/Vistas-de-Caracas-para-un-post-de-pago.jpg-1024x648.webp 1024w, https:\/\/elluchador.info\/wp-content\/uploads\/2025\/07\/Vistas-de-Caracas-para-un-post-de-pago.jpg-300x190.webp 300w, https:\/\/elluchador.info\/wp-content\/uploads\/2025\/07\/Vistas-de-Caracas-para-un-post-de-pago.jpg-768x486.webp 768w, https:\/\/elluchador.info\/wp-content\/uploads\/2025\/07\/Vistas-de-Caracas-para-un-post-de-pago.jpg-150x95.webp 150w, https:\/\/elluchador.info\/wp-content\/uploads\/2025\/07\/Vistas-de-Caracas-para-un-post-de-pago.jpg-696x440.webp 696w, https:\/\/elluchador.info\/wp-content\/uploads\/2025\/07\/Vistas-de-Caracas-para-un-post-de-pago.jpg.webp 1051w\" sizes=\"auto, (max-width: 1024px) 100vw, 1024px\" \/><\/figure>\n<\/figure>\n\n\n\n<p>\u200eCaracas es reconocida por los propio y visitantes por su diversidad cultural, su belleza natural, sus aves, su arquitectura moderna, y es recordada por muchos, por ser la ciudad de los techos rojos.<br>\u200e<br>\u200eSu historia se remonta al a\u00f1o 1567 cuando Diego de Losada la fund\u00f3 con el nombre Santiago Le\u00f3n de Caracas tras los intentos fallidos de Francisco Fajardo de asentarse en la ahora Capital de Venezuela.<br>\u200e<br>\u200eCon informaci\u00f3n <strong>\u00daR<\/strong><\/p>\n","protected":false},"excerpt":{"rendered":"<p>\u200eDesde la inmensidad del \u00c1vila hasta las concurridas avenidas de Caracas celebran este 25 de julio el aniversario 458 de la fundaci\u00f3n de la Capital venezolana.\u200e\u200eLa ciudad ha sido testigo de importantes acontecimientos pol\u00edticos, sociales y econ\u00f3micos a lo largo de su historia y se ha convertido en uno de los centros culturales m\u00e1s importantes [&hellip;]<\/p>\n","protected":false},"author":33,"featured_media":285030,"comment_status":"closed","ping_status":"closed","sticky":false,"template":"","format":"standard","meta":{"footnotes":""},"categories":[1160],"tags":[195,614,445,105],"class_list":{"0":"post-285027","1":"post","2":"type-post","3":"status-publish","4":"format-standard","5":"has-post-thumbnail","7":"category-cultura","8":"tag-aniversario","9":"tag-caracas","10":"tag-tradicion","11":"tag-venezuela"},"_links":{"self":[{"href":"https:\/\/elluchador.info\/index.php?rest_route=\/wp\/v2\/posts\/285027","targetHints":{"allow":["GET"]}}],"collection":[{"href":"https:\/\/elluchador.info\/index.php?rest_route=\/wp\/v2\/posts"}],"about":[{"href":"https:\/\/elluchador.info\/index.php?rest_route=\/wp\/v2\/types\/post"}],"author":[{"embeddable":true,"href":"https:\/\/elluchador.info\/index.php?rest_route=\/wp\/v2\/users\/33"}],"replies":[{"embeddable":true,"href":"https:\/\/elluchador.info\/index.php?rest_route=%2Fwp%2Fv2%2Fcomments&post=285027"}],"version-history":[{"count":1,"href":"https:\/\/elluchador.info\/index.php?rest_route=\/wp\/v2\/posts\/285027\/revisions"}],"predecessor-version":[{"id":285031,"href":"https:\/\/elluchador.info\/index.php?rest_route=\/wp\/v2\/posts\/285027\/revisions\/285031"}],"wp:featuredmedia":[{"embeddable":true,"href":"https:\/\/elluchador.info\/index.php?rest_route=\/wp\/v2\/media\/285030"}],"wp:attachment":[{"href":"https:\/\/elluchador.info\/index.php?rest_route=%2Fwp%2Fv2%2Fmedia&parent=285027"}],"wp:term":[{"taxonomy":"category","embeddable":true,"href":"https:\/\/elluchador.info\/index.php?rest_route=%2Fwp%2Fv2%2Fcategories&post=285027"},{"taxonomy":"post_tag","embeddable":true,"href":"https:\/\/elluchador.info\/index.php?rest_route=%2Fwp%2Fv2%2Ftags&post=285027"}],"curies":[{"name":"wp","href":"https:\/\/api.w.org\/{rel}","templated":true}]}}