{"id":285059,"date":"2025-07-25T15:13:10","date_gmt":"2025-07-25T19:13:10","guid":{"rendered":"https:\/\/elluchador.info\/?p=285059"},"modified":"2025-07-25T15:13:14","modified_gmt":"2025-07-25T19:13:14","slug":"maduro-confirma-venta-de-monomeros-se-estan-acordando-los-terminos","status":"publish","type":"post","link":"https:\/\/elluchador.info\/?p=285059","title":{"rendered":"Maduro confirma venta de Mon\u00f3meros: \u201cSe est\u00e1n acordando los t\u00e9rminos\u201d"},"content":{"rendered":"\n<p>La venta de Mon\u00f3meros Colombo Venezolanos S.A. a Colombia se encamina a ser una realidad, seg\u00fan confirm\u00f3 el presidente de Venezuela, Nicol\u00e1s Maduro. El mandatario inform\u00f3 que ambos gobiernos est\u00e1n \u00abacordando los t\u00e9rminos\u00bb de la operaci\u00f3n, lo que significar\u00eda el retorno del control de la compa\u00f1\u00eda al Estado colombiano.<\/p>\n\n\n\n<p>La confirmaci\u00f3n se dio durante una entrevista concedida a Telesur, donde Maduro, destac\u00f3 la participaci\u00f3n del ministro para la Energ\u00eda El\u00e9ctrica, Jorge M\u00e1rquez, en la firma del documento para acordar los t\u00e9rminos de la venta. Esta participaci\u00f3n se dio en el marco de la VII Reuni\u00f3n Ministerial de Energ\u00eda de la Celac, donde, seg\u00fan Maduro, se defini\u00f3 una hoja de ruta para avanzar en la transacci\u00f3n.<\/p>\n\n\n\n<p>Mon\u00f3meros, filial de la estatal venezolana Petroqu\u00edmica de Venezuela (Pequiven) y con sede en Barranquilla, es fundamental para la producci\u00f3n y distribuci\u00f3n de fertilizantes en Colombia. Su control fue objeto de disputa durante los a\u00f1os de ruptura diplom\u00e1tica entre ambos pa\u00edses, especialmente durante la administraci\u00f3n de Iv\u00e1n Duque.<\/p>\n\n\n\n<p>En sus declaraciones, Maduro, responsabiliz\u00f3 al expresidente colombiano de haber \u00absecuestrado\u00bb la empresa, y se\u00f1al\u00f3 directamente al l\u00edder opositor Leopoldo L\u00f3pez y a lo que denomin\u00f3 \u00abla mafia colombiana\u00bb por un presunto desfalco. \u00abFue saqueada completamente por Leopoldo L\u00f3pez, Ramos Allup y por mafias colombianas vinculadas a Iv\u00e1n Duque\u00bb, afirm\u00f3.<\/p>\n\n\n\n<p>Seg\u00fan el mandatario venezolano, la empresa fue restituida gracias a la llegada del actual gobierno colombiano. \u00abCuando lleg\u00f3 el presidente Gustavo Petro, la empresa volvi\u00f3 a manos de sus leg\u00edtimos due\u00f1os, que es la empresa Pequiven, de Venezuela, y la recuperamos en tiempo r\u00e9cord. Yo me compromet\u00ed con el presidente Petro en las primeras reuniones que tuvimos y se logr\u00f3\u00bb, declar\u00f3 Maduro.<\/p>\n\n\n\n<p>Un d\u00eda antes de estas declaraciones, el ministro colombiano de Minas y Energ\u00eda, Andr\u00e9s Camacho, hab\u00eda confirmado la firma de un acuerdo de confidencialidad con Venezuela. Este documento permitir\u00e1 el intercambio de informaci\u00f3n financiera, operativa y comercial, vital para evaluar la situaci\u00f3n de la empresa y facilitar la negociaci\u00f3n.<\/p>\n\n\n\n<p>Desde el gobierno de Gustavo Petro, se ha enfatizado la importancia de recuperar el control de Mon\u00f3meros como parte de una estrategia para reducir los costos de los fertilizantes y garantizar su abastecimiento, beneficiando directamente al sector agr\u00edcola colombiano.<\/p>\n\n\n\n<p>Por su parte, Maduro, resalt\u00f3 el desempe\u00f1o reciente de Mon\u00f3meros en Venezuela, asegurando que su actividad ha contribuido a la disminuci\u00f3n de los precios de los alimentos y al impulso de la producci\u00f3n local. \u00abEl impacto que ha tenido la empresa Mon\u00f3meros en el mercado interno para apoyar la producci\u00f3n campesina ha sido muy importante para bajar el precio de los alimentos y estimular la producci\u00f3n\u00bb, precis\u00f3 el presidente.<\/p>\n\n\n\n<p>Con informaci\u00f3n de <strong>agencias<\/strong><\/p>\n","protected":false},"excerpt":{"rendered":"<p>La venta de Mon\u00f3meros Colombo Venezolanos S.A. a Colombia se encamina a ser una realidad, seg\u00fan confirm\u00f3 el presidente de Venezuela, Nicol\u00e1s Maduro. El mandatario inform\u00f3 que ambos gobiernos est\u00e1n \u00abacordando los t\u00e9rminos\u00bb de la operaci\u00f3n, lo que significar\u00eda el retorno del control de la compa\u00f1\u00eda al Estado colombiano. La confirmaci\u00f3n se dio durante una [&hellip;]<\/p>\n","protected":false},"author":38,"featured_media":285060,"comment_status":"closed","ping_status":"closed","sticky":false,"template":"","format":"standard","meta":{"footnotes":""},"categories":[5,6],"tags":[448,105],"class_list":{"0":"post-285059","1":"post","2":"type-post","3":"status-publish","4":"format-standard","5":"has-post-thumbnail","7":"category-destacado","8":"category-economia","9":"tag-mundo","10":"tag-venezuela"},"_links":{"self":[{"href":"https:\/\/elluchador.info\/index.php?rest_route=\/wp\/v2\/posts\/285059","targetHints":{"allow":["GET"]}}],"collection":[{"href":"https:\/\/elluchador.info\/index.php?rest_route=\/wp\/v2\/posts"}],"about":[{"href":"https:\/\/elluchador.info\/index.php?rest_route=\/wp\/v2\/types\/post"}],"author":[{"embeddable":true,"href":"https:\/\/elluchador.info\/index.php?rest_route=\/wp\/v2\/users\/38"}],"replies":[{"embeddable":true,"href":"https:\/\/elluchador.info\/index.php?rest_route=%2Fwp%2Fv2%2Fcomments&post=285059"}],"version-history":[{"count":1,"href":"https:\/\/elluchador.info\/index.php?rest_route=\/wp\/v2\/posts\/285059\/revisions"}],"predecessor-version":[{"id":285061,"href":"https:\/\/elluchador.info\/index.php?rest_route=\/wp\/v2\/posts\/285059\/revisions\/285061"}],"wp:featuredmedia":[{"embeddable":true,"href":"https:\/\/elluchador.info\/index.php?rest_route=\/wp\/v2\/media\/285060"}],"wp:attachment":[{"href":"https:\/\/elluchador.info\/index.php?rest_route=%2Fwp%2Fv2%2Fmedia&parent=285059"}],"wp:term":[{"taxonomy":"category","embeddable":true,"href":"https:\/\/elluchador.info\/index.php?rest_route=%2Fwp%2Fv2%2Fcategories&post=285059"},{"taxonomy":"post_tag","embeddable":true,"href":"https:\/\/elluchador.info\/index.php?rest_route=%2Fwp%2Fv2%2Ftags&post=285059"}],"curies":[{"name":"wp","href":"https:\/\/api.w.org\/{rel}","templated":true}]}}