{"id":285089,"date":"2025-07-26T07:59:53","date_gmt":"2025-07-26T11:59:53","guid":{"rendered":"https:\/\/elluchador.info\/?p=285089"},"modified":"2025-07-26T07:59:57","modified_gmt":"2025-07-26T11:59:57","slug":"cierran-pasos-fronterizos-en-venezuela-durante-48-horas-por-elecciones-municipales","status":"publish","type":"post","link":"https:\/\/elluchador.info\/?p=285089","title":{"rendered":"Cierran pasos fronterizos en Venezuela durante 48 horas por elecciones municipales"},"content":{"rendered":"\n<p>\u200eVenezuela anunci\u00f3 que sus pasos fronterizos estar\u00e1n cerrados a partir de las 06.00 A.M. de este s\u00e1bado y durante 48 horas por las elecciones de alcaldes y de concejos municipales de este domingo 27 de julio.<br>\u200e<br>\u200eSeg\u00fan un comunicado compartido en redes sociales por la Vicepresidenta Ejecutiva, Delcy Rodr\u00edguez, est\u00e1 prevista para el lunes 28 de julio a las 06.00 A.M. la reapertura de los pasos fronterizos del pa\u00eds, vecino de Colombia y Brasil por v\u00eda terrestre. <\/p>\n\n\n<div class=\"wp-block-image\">\n<figure class=\"aligncenter size-large is-resized\"><img loading=\"lazy\" decoding=\"async\" width=\"815\" height=\"1024\" src=\"https:\/\/elluchador.info\/wp-content\/uploads\/2025\/07\/Screenshot_20250726-074918-815x1024.jpg\" alt=\"\" class=\"wp-image-285090\" style=\"width:595px;height:auto\" srcset=\"https:\/\/elluchador.info\/wp-content\/uploads\/2025\/07\/Screenshot_20250726-074918-815x1024.jpg 815w, https:\/\/elluchador.info\/wp-content\/uploads\/2025\/07\/Screenshot_20250726-074918-239x300.jpg 239w, https:\/\/elluchador.info\/wp-content\/uploads\/2025\/07\/Screenshot_20250726-074918-768x965.jpg 768w, https:\/\/elluchador.info\/wp-content\/uploads\/2025\/07\/Screenshot_20250726-074918-150x188.jpg 150w, https:\/\/elluchador.info\/wp-content\/uploads\/2025\/07\/Screenshot_20250726-074918-300x377.jpg 300w, https:\/\/elluchador.info\/wp-content\/uploads\/2025\/07\/Screenshot_20250726-074918-696x875.jpg 696w, https:\/\/elluchador.info\/wp-content\/uploads\/2025\/07\/Screenshot_20250726-074918-1068x1342.jpg 1068w, https:\/\/elluchador.info\/wp-content\/uploads\/2025\/07\/Screenshot_20250726-074918.jpg 1080w\" sizes=\"auto, (max-width: 815px) 100vw, 815px\" \/><\/figure>\n<\/div>\n\n\n<p>\u200eEsta medida se toma con el fin de \u00abfacilitar el desarrollo de las elecciones municipales que se llevar\u00e1n a cabo el domingo 27 de julio en todo el territorio nacional\u00bb, agrega el texto.<br>\u200e<br>\u200eLa Fuerza Armada Nacional Bolivariana (FANB) inform\u00f3 este viernes sobre un \u00abestricto control del desplazamiento fronterizo\u00bb de personas por v\u00eda terrestre, a\u00e9rea y mar\u00edtima, as\u00ed como del paso de veh\u00edculos, hasta el pr\u00f3ximo lunes a las 23:59 P.M. seg\u00fan una resoluci\u00f3n compartida por el comandante estrat\u00e9gico operacional de la instituci\u00f3n militar, Domingo Hern\u00e1ndez L\u00e1rez.<br>\u200e<br>\u200eLa decisi\u00f3n tiene como objetivo \u00abresguardar la inviolabilidad de las fronteras y prevenir actividades de personas que pudiesen representar amenazas a la seguridad\u00bb nacional.<br>\u200e<br><strong><em>\u200eCon informaci\u00f3n AVN<\/em><\/strong><\/p>\n","protected":false},"excerpt":{"rendered":"<p>\u200eVenezuela anunci\u00f3 que sus pasos fronterizos estar\u00e1n cerrados a partir de las 06.00 A.M. de este s\u00e1bado y durante 48 horas por las elecciones de alcaldes y de concejos municipales de este domingo 27 de julio.\u200e\u200eSeg\u00fan un comunicado compartido en redes sociales por la Vicepresidenta Ejecutiva, Delcy Rodr\u00edguez, est\u00e1 prevista para el lunes 28 de [&hellip;]<\/p>\n","protected":false},"author":33,"featured_media":285091,"comment_status":"closed","ping_status":"closed","sticky":false,"template":"","format":"standard","meta":{"footnotes":""},"categories":[5,9],"tags":[687,397,285,720,105],"class_list":{"0":"post-285089","1":"post","2":"type-post","3":"status-publish","4":"format-standard","5":"has-post-thumbnail","7":"category-destacado","8":"category-nacionales","9":"tag-brasil","10":"tag-colombia","11":"tag-elecciones","12":"tag-fronteras","13":"tag-venezuela"},"_links":{"self":[{"href":"https:\/\/elluchador.info\/index.php?rest_route=\/wp\/v2\/posts\/285089","targetHints":{"allow":["GET"]}}],"collection":[{"href":"https:\/\/elluchador.info\/index.php?rest_route=\/wp\/v2\/posts"}],"about":[{"href":"https:\/\/elluchador.info\/index.php?rest_route=\/wp\/v2\/types\/post"}],"author":[{"embeddable":true,"href":"https:\/\/elluchador.info\/index.php?rest_route=\/wp\/v2\/users\/33"}],"replies":[{"embeddable":true,"href":"https:\/\/elluchador.info\/index.php?rest_route=%2Fwp%2Fv2%2Fcomments&post=285089"}],"version-history":[{"count":1,"href":"https:\/\/elluchador.info\/index.php?rest_route=\/wp\/v2\/posts\/285089\/revisions"}],"predecessor-version":[{"id":285092,"href":"https:\/\/elluchador.info\/index.php?rest_route=\/wp\/v2\/posts\/285089\/revisions\/285092"}],"wp:featuredmedia":[{"embeddable":true,"href":"https:\/\/elluchador.info\/index.php?rest_route=\/wp\/v2\/media\/285091"}],"wp:attachment":[{"href":"https:\/\/elluchador.info\/index.php?rest_route=%2Fwp%2Fv2%2Fmedia&parent=285089"}],"wp:term":[{"taxonomy":"category","embeddable":true,"href":"https:\/\/elluchador.info\/index.php?rest_route=%2Fwp%2Fv2%2Fcategories&post=285089"},{"taxonomy":"post_tag","embeddable":true,"href":"https:\/\/elluchador.info\/index.php?rest_route=%2Fwp%2Fv2%2Ftags&post=285089"}],"curies":[{"name":"wp","href":"https:\/\/api.w.org\/{rel}","templated":true}]}}