{"id":285102,"date":"2025-07-26T10:35:23","date_gmt":"2025-07-26T14:35:23","guid":{"rendered":"https:\/\/elluchador.info\/?p=285102"},"modified":"2025-07-26T10:35:26","modified_gmt":"2025-07-26T14:35:26","slug":"intt-restringe-circulacion-de-vehiculos-de-carga-pesada-del-26-al-28j","status":"publish","type":"post","link":"https:\/\/elluchador.info\/?p=285102","title":{"rendered":"INTT restringe circulaci\u00f3n de veh\u00edculos de carga pesada del 26 al 28J"},"content":{"rendered":"\n<p>\u200eEl Instituto Nacional de Transporte Terrestre (INTT) inform\u00f3 a trav\u00e9s de su pagina web oficial que estar\u00e1 restringida la circulaci\u00f3n del transporte de carga superior a los 3 mil 500 kg, desde el viernes 26 al lunes 28 de julio.<br>\u200e<br>\u200eEl Instituto detall\u00f3 que estas meditas ser\u00e1n ejecutadas con el objetivo de garantizar seguridad vial durante los comicios municipales, a celebrarse el 27 de julio.<br>\u200e<br>\u200eLa restricci\u00f3n se realiza conforme a lo estipulado en la Resoluci\u00f3n Conjunta 083 y 022 del Ministerio para Relaciones Interiores, Justicia y Paz; y del Ministerio para el Transporte, publicadas en la Gaceta <em>Oficial N\u00ba 42.425, de fecha 25 de julio de 2022<\/em>.<br>\u200e<br>\u200eCabe se\u00f1alar que esta prohibici\u00f3n de circulaci\u00f3n no aplica a veh\u00edculos que transportan los siguientes productos y servicios: alimentos perecederos y no perecederos, y sus respectivas materias primas; asistencia vial, emergencias, policiales o militares, material de telecomunicaciones y para la defensa de la Naci\u00f3n.<br>\u200e<br>\u200eCon informaci\u00f3n <strong>AVN<\/strong><\/p>\n","protected":false},"excerpt":{"rendered":"<p>\u200eEl Instituto Nacional de Transporte Terrestre (INTT) inform\u00f3 a trav\u00e9s de su pagina web oficial que estar\u00e1 restringida la circulaci\u00f3n del transporte de carga superior a los 3 mil 500 kg, desde el viernes 26 al lunes 28 de julio.\u200e\u200eEl Instituto detall\u00f3 que estas meditas ser\u00e1n ejecutadas con el objetivo de garantizar seguridad vial durante [&hellip;]<\/p>\n","protected":false},"author":33,"featured_media":285103,"comment_status":"closed","ping_status":"closed","sticky":false,"template":"","format":"standard","meta":{"footnotes":""},"categories":[9],"tags":[4197,105],"class_list":{"0":"post-285102","1":"post","2":"type-post","3":"status-publish","4":"format-standard","5":"has-post-thumbnail","7":"category-nacionales","8":"tag-carga-pesada","9":"tag-venezuela"},"_links":{"self":[{"href":"https:\/\/elluchador.info\/index.php?rest_route=\/wp\/v2\/posts\/285102","targetHints":{"allow":["GET"]}}],"collection":[{"href":"https:\/\/elluchador.info\/index.php?rest_route=\/wp\/v2\/posts"}],"about":[{"href":"https:\/\/elluchador.info\/index.php?rest_route=\/wp\/v2\/types\/post"}],"author":[{"embeddable":true,"href":"https:\/\/elluchador.info\/index.php?rest_route=\/wp\/v2\/users\/33"}],"replies":[{"embeddable":true,"href":"https:\/\/elluchador.info\/index.php?rest_route=%2Fwp%2Fv2%2Fcomments&post=285102"}],"version-history":[{"count":1,"href":"https:\/\/elluchador.info\/index.php?rest_route=\/wp\/v2\/posts\/285102\/revisions"}],"predecessor-version":[{"id":285104,"href":"https:\/\/elluchador.info\/index.php?rest_route=\/wp\/v2\/posts\/285102\/revisions\/285104"}],"wp:featuredmedia":[{"embeddable":true,"href":"https:\/\/elluchador.info\/index.php?rest_route=\/wp\/v2\/media\/285103"}],"wp:attachment":[{"href":"https:\/\/elluchador.info\/index.php?rest_route=%2Fwp%2Fv2%2Fmedia&parent=285102"}],"wp:term":[{"taxonomy":"category","embeddable":true,"href":"https:\/\/elluchador.info\/index.php?rest_route=%2Fwp%2Fv2%2Fcategories&post=285102"},{"taxonomy":"post_tag","embeddable":true,"href":"https:\/\/elluchador.info\/index.php?rest_route=%2Fwp%2Fv2%2Ftags&post=285102"}],"curies":[{"name":"wp","href":"https:\/\/api.w.org\/{rel}","templated":true}]}}