{"id":285194,"date":"2025-07-27T10:50:10","date_gmt":"2025-07-27T14:50:10","guid":{"rendered":"https:\/\/elluchador.info\/?p=285194"},"modified":"2025-07-27T10:50:14","modified_gmt":"2025-07-27T14:50:14","slug":"presidente-maduro-el-llamado-es-a-votar","status":"publish","type":"post","link":"https:\/\/elluchador.info\/?p=285194","title":{"rendered":"Presidente Maduro: \u201cEl llamado es a votar\u201d"},"content":{"rendered":"\n<p>El presidente de la Rep\u00fablica, Nicol\u00e1s Maduro, extendi\u00f3 este domingo, una invitaci\u00f3n a todos los venezolanos a participar activamente en las elecciones municipales y en la Consulta Popular Nacional de la Juventud que se llevan a cabo simult\u00e1neamente este 27 de julio.<\/p>\n\n\n\n<p>A trav\u00e9s de su canal de Telegram, el mandatario expres\u00f3: \u00ab\u00a1El llamado es a votar! Hoy 27 de julio el pueblo ejerce su democracia directa y protag\u00f3nica, eligiendo a las autoridades de las alcald\u00edas y los concejos municipales, y de manera simult\u00e1nea se realizar\u00e1 la Consulta Popular Nacional de la Juventud. \u00a1Es un d\u00eda de fiesta y de paz!\u00bb.<\/p>\n\n\n\n<p>El mensaje de Maduro, fue complementado con un video en el que enfatiz\u00f3 la importancia de la jornada electoral. \u00abYo le hago un llamado a los vecinos y vecinas, vayan a votar. La fiesta electoral n\u00famero 33, esta elecci\u00f3n adem\u00e1s por primera vez es dual\u00bb, afirm\u00f3 el Ejecutivo nacional.<\/p>\n\n\n\n<p>La jornada electoral de este domingo marca un hito al combinar la elecci\u00f3n de autoridades locales con la consulta dirigida a la juventud venezolana, un esfuerzo por fortalecer la participaci\u00f3n ciudadana en todos los niveles.<\/p>\n\n\n\n<p>Con informaci\u00f3n de <strong>agencias<\/strong><\/p>\n","protected":false},"excerpt":{"rendered":"<p>El presidente de la Rep\u00fablica, Nicol\u00e1s Maduro, extendi\u00f3 este domingo, una invitaci\u00f3n a todos los venezolanos a participar activamente en las elecciones municipales y en la Consulta Popular Nacional de la Juventud que se llevan a cabo simult\u00e1neamente este 27 de julio. A trav\u00e9s de su canal de Telegram, el mandatario expres\u00f3: \u00ab\u00a1El llamado es [&hellip;]<\/p>\n","protected":false},"author":38,"featured_media":285195,"comment_status":"closed","ping_status":"closed","sticky":false,"template":"","format":"standard","meta":{"footnotes":""},"categories":[5,11],"tags":[105],"class_list":{"0":"post-285194","1":"post","2":"type-post","3":"status-publish","4":"format-standard","5":"has-post-thumbnail","7":"category-destacado","8":"category-politica","9":"tag-venezuela"},"_links":{"self":[{"href":"https:\/\/elluchador.info\/index.php?rest_route=\/wp\/v2\/posts\/285194","targetHints":{"allow":["GET"]}}],"collection":[{"href":"https:\/\/elluchador.info\/index.php?rest_route=\/wp\/v2\/posts"}],"about":[{"href":"https:\/\/elluchador.info\/index.php?rest_route=\/wp\/v2\/types\/post"}],"author":[{"embeddable":true,"href":"https:\/\/elluchador.info\/index.php?rest_route=\/wp\/v2\/users\/38"}],"replies":[{"embeddable":true,"href":"https:\/\/elluchador.info\/index.php?rest_route=%2Fwp%2Fv2%2Fcomments&post=285194"}],"version-history":[{"count":1,"href":"https:\/\/elluchador.info\/index.php?rest_route=\/wp\/v2\/posts\/285194\/revisions"}],"predecessor-version":[{"id":285196,"href":"https:\/\/elluchador.info\/index.php?rest_route=\/wp\/v2\/posts\/285194\/revisions\/285196"}],"wp:featuredmedia":[{"embeddable":true,"href":"https:\/\/elluchador.info\/index.php?rest_route=\/wp\/v2\/media\/285195"}],"wp:attachment":[{"href":"https:\/\/elluchador.info\/index.php?rest_route=%2Fwp%2Fv2%2Fmedia&parent=285194"}],"wp:term":[{"taxonomy":"category","embeddable":true,"href":"https:\/\/elluchador.info\/index.php?rest_route=%2Fwp%2Fv2%2Fcategories&post=285194"},{"taxonomy":"post_tag","embeddable":true,"href":"https:\/\/elluchador.info\/index.php?rest_route=%2Fwp%2Fv2%2Ftags&post=285194"}],"curies":[{"name":"wp","href":"https:\/\/api.w.org\/{rel}","templated":true}]}}